{"id":20293,"date":"2018-07-16T10:46:31","date_gmt":"2018-07-16T08:46:31","guid":{"rendered":"https:\/\/www.seaoo.com\/blog\/?p=20293"},"modified":"2020-01-10T10:37:58","modified_gmt":"2020-01-10T09:37:58","slug":"zegluga-srodladowa-rozwoj-czy-stagnacja","status":"publish","type":null,"link":"https:\/\/www.seaoo.com\/blog\/zegluga-srodladowa-rozwoj-czy-stagnacja\/","title":{"rendered":"\u017begluga \u015ar\u00f3dl\u0105dowa w Polsce \u2013 rozw\u00f3j, czy stagnacja?"},"content":{"rendered":"<p class=\"introduction\">Kilka dni temu og\u0142oszono, \u017ce w Opolu odb\u0119dzie si\u0119 I Kongres \u017beglugi \u015ar\u00f3dl\u0105dowej. Wydarzenie, do kt\u00f3rego ma doj\u015b\u0107 20 wrze\u015bnia jest \u015bwietn\u0105 okazj\u0105 do rozpocz\u0119cia dyskusji o rozwoju polskiej \u017ceglugi \u015br\u00f3dl\u0105dowej. Kongres zapowiada si\u0119 bardzo ciekawie, bo \u017cegluga to temat, o kt\u00f3rym rozmawia\u0107 mo\u017cna naprawd\u0119 bardzo d\u0142ugo. W jakim jest ona stanie i jak w ni\u0105 inwestowa\u0107?<\/p>\n<h2>Stan na dzisiaj \u2013 temat (podobno) rozwijany<\/h2>\n<p>W polskiej gospodarce wodnej nie ma chyba tak trudnego i przeci\u0105gaj\u0105cego si\u0119 tematu jak \u017cegluga \u015br\u00f3dl\u0105dowa. Polskie rzeki czekaj\u0105 na ogromne inwestycje, kt\u00f3re niezb\u0119dne s\u0105 do rozwini\u0119cia us\u0142ug transportowych. \u015awietnym przyk\u0142adem jest bliska mi Wis\u0142a, s\u0142u\u017c\u0105ca aktualnie do turystycznego zabawiania ludzi, a nie ci\u0105g\u0142ej eksploatacji pod wzgl\u0119dem przewozu towar\u00f3w.<\/p>\n<p>O rozwoju \u017ceglugi rzecznej s\u0142ycha\u0107 zreszt\u0105 bez przerwy. Temat jest rozgrzebywany przy ka\u017cdych zbli\u017caj\u0105cych si\u0119 wyborach. Has\u0142a o pog\u0142\u0119bieniu dna rzek, przebudowie przystani, poszerzeniu koryta itp. to popularne frazesy. Niestety, cz\u0119sto ko\u0144czy si\u0119 na ambitnych planach, bo samorz\u0105dy s\u0105 za biedne na tak du\u017ce inwestycje, a centrala ma wa\u017cniejsze wydatki.<\/p>\n<p>Oczywi\u015bcie, nie oznacza to, \u017ce polscy samorz\u0105dowcy i rz\u0105d w Warszawie nie robi\u0105 nic w celu rozwoju sektora transportu, jakim jest \u017cegluga \u015br\u00f3dl\u0105dowa. Rozbudowywane s\u0105 porty rzeczne, inwestuje si\u0119 w \u015brodki wodnego przewozu. Skala tych inwestycji jest jednak za ma\u0142a.<\/p>\n<h2>\u017begluga \u015br\u00f3dl\u0105dowa to g\u0142\u0119boki problem<\/h2>\n<p>Nie do ko\u0144ca diabe\u0142 tkwi w infrastrukturze \u2013 ta jest dobra. Najbardziej zapomnian\u0105 cz\u0119\u015bci\u0105 \u017ceglugi rzecznej jest\u2026 rzeka. Te s\u0105 w fatalnym stanie. Niech za przyk\u0142ad s\u0142u\u017cy <a href=\"https:\/\/www.seaoo.com\/blog\/zegluga-srodladowa-na-odrze-bedzie-rozwijana-w-ramach-ten-t\/\">Odra<\/a>. W Opolu zainwestowano w nowoczesny port, a towary dalej przewozi si\u0119 drogami. Wszystko przez niestabilny (najcz\u0119\u015bciej zbyt niski) stan w\u00f3d w rzece. Przedsi\u0119biorcy podkre\u015blaj\u0105, \u017ce \u017cegluga \u015br\u00f3dl\u0105dowa to dla nich obiecuj\u0105cy spos\u00f3b transportu d\u00f3br. Musi by\u0107 jednak dost\u0119pny i op\u0142acalny.<\/p>\n<p>Pozytywnym symptomem jest to, \u017ce o transporcie rzecznym rozmawia si\u0119 coraz konkretniej. Dowodem na to jest zapowiadany kongres, w kt\u00f3rym udzia\u0142 maj\u0105 wzi\u0105\u0107 nie tylko politycy, ale te\u017c specjali\u015bci w dziedzinie. By\u0107 mo\u017ce naukowcy uzmys\u0142owi\u0105, jak du\u017ca jest skala problemu i jak wielki potencja\u0142 tkwi w \u017cegludze rzecznej.<\/p>\n<h2>Szansa dla ca\u0142ego kraju<\/h2>\n<p>Polska ma bardzo rozbudowany system rzeczny i praktycznie ka\u017cdy zak\u0105tek naszego kraju jest naturalnie przystosowany do transportu wodnego. Inwestycja w ten sektor z pewno\u015bci\u0105 zwi\u0119kszy\u0142aby mo\u017cliwo\u015bci polskich firm, ale ma te\u017c wiele innych zalet. Po pierwsze \u2013 odci\u0105\u017cy\u0142aby polskie drogi naziemne. Po drugie \u2013 zwi\u0119kszy\u0142aby walory turystyczne region\u00f3w i kwesti\u0119 podr\u00f3\u017cy ludzi. Z rzek mogliby korzysta\u0107 w\u0142a\u015bciwie wszyscy.<\/p>\n<p>Mamy ogromne tradycje w \u017cegludze rzecznej i z pewno\u015bci\u0105 warto do nich wr\u00f3ci\u0107. Zauwa\u017cy\u0142a to te\u017c <a href=\"https:\/\/www.seaoo.com\/blog\/unia-europejska-2\/\">Unia Europejska<\/a>, kt\u00f3ra na modernizacj\u0119 transportu morskiego przeznacza coraz wi\u0119ksze \u015brodki. Ostatnio na monitoring \u017ceglugi na Odrze UE przeznaczy\u0142o 850 tysi\u0119cy z\u0142otych, z kwoty miliona. To oczywi\u015bcie niewielka inwestycja, ale pokazuj\u0105ca, jak europejscy urz\u0119dnicy traktuj\u0105 rzeki w Polsce.<\/p>\n<h2>Nie czekajmy, dzia\u0142ajmy od teraz<\/h2>\n<p>W dobie wyeksploatowanych i zapchanych dr\u00f3g, rozw\u00f3j \u017ceglugi \u015br\u00f3dl\u0105dowej by\u0142by jedn\u0105 z najlepszych krajowych inwestycji. Rz\u0105dz\u0105cy musz\u0105 jak najszybciej ustali\u0107 plan, kt\u00f3rego wdro\u017cenie b\u0119dzie szans\u0105 dla kolejnych ga\u0142\u0119zi polskiego przemys\u0142u i us\u0142ug. Warto dba\u0107 o handel wewn\u0119trzny, a je\u017celi mamy ku temu odpowiednie warunki przyrodnicze, to czemu nie skorzysta\u0107?<\/p>\n","protected":false},"excerpt":{"rendered":"<p>Kilka dni temu og\u0142oszono, \u017ce w Opolu odb\u0119dzie si\u0119 I Kongres \u017beglugi \u015ar\u00f3dl\u0105dowej. Wydarzenie, do kt\u00f3rego ma doj\u015b\u0107 20 wrze\u015bnia jest \u015bwietn\u0105 okazj\u0105 do rozpocz\u0119cia dyskusji o rozwoju polskiej \u017ceglugi \u015br\u00f3dl\u0105dowej. Kongres zapowiada si\u0119 bardzo ciekawie, bo \u017cegluga to temat, o kt\u00f3rym rozmawia\u0107 mo\u017cna naprawd\u0119 bardzo d\u0142ugo. W jakim jest ona stanie i jak w &#8230;<\/p>\n","protected":false},"author":9,"featured_media":20302,"comment_status":"open","ping_status":"closed","sticky":false,"template":"","format":"standard","meta":{"_bbp_topic_count":0,"_bbp_reply_count":0,"_bbp_total_topic_count":0,"_bbp_total_reply_count":0,"_bbp_voice_count":0,"_bbp_anonymous_reply_count":0,"_bbp_topic_count_hidden":0,"_bbp_reply_count_hidden":0,"_bbp_forum_subforum_count":0,"footnotes":""},"categories":[5,3,4,149],"tags":[5751,5778,226,5784,5775,5781,108,966],"class_list":["post-20293","post","type-post","status-publish","format-standard","has-post-thumbnail","hentry","category-eksport","category-import","category-transport-morski","category-z-kraju","tag-inwestycje","tag-kongres","tag-polska","tag-rzad","tag-rzeczka","tag-samorzady","tag-zegluga","tag-zegluga-srodladowa"],"_wp_page_template":null,"_publicize_pending":null,"publicize_twitter_user":null,"_wpas_done_4647298":null,"_publicize_done_external":null,"_wpas_skip_4647132":null,"_wpas_skip_4647298":null,"_wp_attached_file":null,"_wp_attachment_metadata":null,"publicize_facebook_url":null,"publicize_twitter_url":null,"_wpas_mess":null,"_wpas_done_4647132":null,"_menu_item_type":null,"_menu_item_menu_item_parent":null,"_menu_item_object_id":null,"_menu_item_object":null,"_menu_item_target":null,"_menu_item_classes":null,"_menu_item_xfn":null,"_menu_item_url":null,"_ht_post_sidebar":null,"_ht_post_view_single":null,"_ht_pf_gallery_post_title":null,"_ht_pf_gallery_post_excerpt":null,"_ht_pf_image_post_title":null,"_ht_pf_image_post_excerpt":null,"_ht_pf_video_post_title":null,"_ht_pf_video_post_excerpt":null,"_ht_pf_audio_post_title":null,"_ht_pf_audio_post_excerpt":null,"_ht_pf_quote_post_title":null,"_ht_pf_quote_post_excerpt":null,"_ht_pf_link_post_title":null,"_ht_pf_link_post_excerpt":null,"_ht_pf_status_post_title":null,"_ht_pf_status_post_excerpt":null,"_ht_pf_chat_post_title":null,"_ht_pf_chat_post_excerpt":null,"_thumbnail_id":"20302","_ht_page_sidebar":null,"_yoast_wpseo_metadesc":"\u017begluga \u015ar\u00f3dl\u0105dowa w Polsce \u2013 rozw\u00f3j, czy stagnacja? Kilka dni temu og\u0142oszono, \u017ce w Opolu odb\u0119dzie si\u0119 I Kongres \u017beglugi \u015ar\u00f3dl\u0105dowej.","_yoast_wpseo_title":null,"snap_MYURL":null,"snapEdIT":null,"_oembed_40f0523be0a7cccf82a74e2f32216081":null,"_wp_attachment_image_alt":null,"_ht_pf_chat_transcript":null,"_wp_attachment_context":null,"_wp_attachment_is_custom_background":null,"vw_page_sidebar_position":null,"vw_page_sidebar":null,"_oembed_9ed160af28102b6bdd391f41932dcc1e":null,"_oembed_a152c1b5cf649707d71c4dc1e001ab46":null,"_oembed_96052fc1555c5ff28552dcab1f093f93":null,"_oembed_04617823c1cd81d8e270b89858c3c976":null,"pricing-portal":"seaoo","pricing-direction":"import","pricing-display":null,"pricing-loc-seaoo-from":"GBABD","pricing-loc-seaoo-to":"GBABD","pricing-loc-airoo-from":"GBABZ","pricing-loc-airoo-to":"GBABZ","_oembed_5826bee7bef20410a694d40ce147eef9":null,"_oembed_cb5ff4df5c58b863a22d717f61ae2222":null,"vw_review_average_score":null,"_oembed_22941a9ba18bf216b8e799dc7448b799":null,"_oembed_31d7ad9924683d0ff76869709112302a":null,"_wp_attachment_backup_sizes":null,"_oembed_fe7201a85d41d1efe41e3c08d343bfab":null,"_yoast_wpseo_primary_category":"149","notification_id":null,"dismissable":null,"location":null,"plugins":null,"theme":null,"version":null,"viewed":null,"expiration":null,"plans":null,"_wp_old_date":null,"_oembed_fafe56e0b77285f5fcbedc7b62efa776":null,"_oembed_time_fafe56e0b77285f5fcbedc7b62efa776":null,"_oembed_d5120d5da509e3a3d1457419a46a5798":null,"_oembed_time_d5120d5da509e3a3d1457419a46a5798":null,"_oembed_8be25414c9757d6d1a5031853cf9edc6":null,"_oembed_time_8be25414c9757d6d1a5031853cf9edc6":null,"_oembed_e3a222bedb373e3cbf93463247d41816":null,"_oembed_time_e3a222bedb373e3cbf93463247d41816":null,"_oembed_d2b84c4ea49ad59327a86d82d2fae4eb":null,"_oembed_time_d2b84c4ea49ad59327a86d82d2fae4eb":null,"_oembed_7960862450f372b9a46e65a320186142":null,"_oembed_time_7960862450f372b9a46e65a320186142":null,"_oembed_394fa6bf4c2c108194ccf0c1290af63c":null,"_oembed_time_394fa6bf4c2c108194ccf0c1290af63c":null,"_oembed_9f5b0f4967f26614958b90617a0744a9":null,"_oembed_time_9f5b0f4967f26614958b90617a0744a9":null,"_oembed_75876e4b052b61efd46ec06cea5979f6":null,"_oembed_time_75876e4b052b61efd46ec06cea5979f6":null,"_oembed_bb243f28bfeccdf6f6ec824596c9dbf1":null,"_oembed_time_bb243f28bfeccdf6f6ec824596c9dbf1":null,"_oembed_3369660868a071a94e0d2b99f83b80e0":null,"_oembed_time_3369660868a071a94e0d2b99f83b80e0":null,"_oembed_8e721a0b9beb9d6b6d38f4022c7d676e":null,"_oembed_time_8e721a0b9beb9d6b6d38f4022c7d676e":null,"_yoast_wpseo_keywordsynonyms":"","_wp_attachment_wp_user_avatar":null,"_yst_prominent_words_version":null,"_wp_to_buffer_error":null,"snap_isAutoPosted":null,"_snap_forceSURL":null,"snapGMB":null,"snapFB":null,"snapIG":null,"snapPN":null,"snapLI":null,"classic-editor-remember":null,"_gtm_vars":[],"wp-smpro-smush-data":null,"wp-smush-lossy":null,"wp-smush-pngjpg_savings":null,"wp-smush-resize_savings":null,"_handles":null,"_handle_urls":null,"_handle_versions":null,"_extra":null,"_args":null,"_type":null,"_dont_minify":null,"_dont_combine":null,"_dont_enqueue":null,"_defer":null,"_inline":null,"_handle_dependencies":null,"_handle_original_sizes":null,"_handle_compressed_sizes":null,"_hash":null,"_file_id":null,"_url":null,"_path":null,"_expires":null,"_snapPHST":{"tw":[[{"l":"https:\/\/twitter.com\/seaoo_com\/status\/1155804140502769664","id":"1155804140502769664","d":"2019-07-29 11:35:55","w":"a"}]]},"snapTW":"a:1:{i:0;a:4:{s:8:\"isPosted\";s:1:\"1\";s:4:\"pgID\";s:19:\"1155804140502769664\";s:7:\"postURL\";s:56:\"https:\/\/twitter.com\/seaoo_com\/status\/1155804140502769664\";s:5:\"pDate\";s:19:\"2019-07-29 11:35:55\";}}","_nxs_slinks":null,"_edit_lock":"1578648947:19","_edit_last":"19","authorsure_include_css":null,"authorsure_hide_author_box":null,"_yoast_wpseo_linkdex":"61","_yoast_wpseo_focuskw":"\u017cegluga \u015br\u00f3dl\u0105dowa","_wp_old_slug":null,"vw_post_featured":"0","vw_post_layout":"classic","vw_enable_review":"0","ks_metadata":null,"_yoast_wpseo_focuskw_text_input":"\u017cegluga \u015br\u00f3dl\u0105dowa","_yoast_wpseo_content_score":"90","_yoast_wpseo_focuskeywords":"[]","vw_sidebar_position":"default","_vw_sidebar_position":"field_58ea588e19086","vw_sidebar":"blog-sidebar","_vw_sidebar":"field_58ea58b719087","_vw_post_featured":"field_57bac52e59c3d","vw_tagline":"","_vw_tagline":"field_57bac51c59c3c","_vw_post_layout":"field_57d7d0ef2aa96","_vw_enable_review":"field_57f75ea435727","composer_blocks_0_number":null,"_composer_blocks_0_number":null,"composer_blocks_0_categories":null,"_composer_blocks_0_categories":null,"composer_blocks_0_exclude_categories":null,"_composer_blocks_0_exclude_categories":null,"composer_blocks_0_posts_order":null,"_composer_blocks_0_posts_order":null,"composer_blocks_0_layout":null,"_composer_blocks_0_layout":null,"composer_blocks_1_supertitle":null,"_composer_blocks_1_supertitle":null,"composer_blocks_1_title":null,"_composer_blocks_1_title":null,"composer_blocks_1_subtitle":null,"_composer_blocks_1_subtitle":null,"composer_blocks_1_lead_layout":null,"_composer_blocks_1_lead_layout":null,"composer_blocks_1_layout":null,"_composer_blocks_1_layout":null,"composer_blocks_1_number":null,"_composer_blocks_1_number":null,"composer_blocks_1_offset":null,"_composer_blocks_1_offset":null,"composer_blocks_1_categories":null,"_composer_blocks_1_categories":null,"composer_blocks_1_exclude_categories":null,"_composer_blocks_1_exclude_categories":null,"composer_blocks_1_posts_order":null,"_composer_blocks_1_posts_order":null,"composer_blocks_1_pagination":null,"_composer_blocks_1_pagination":null,"composer_blocks_1_sidebar":null,"_composer_blocks_1_sidebar":null,"composer_blocks":null,"_composer_blocks":null,"composer_blocks_2_number":null,"_composer_blocks_2_number":null,"composer_blocks_2_categories":null,"_composer_blocks_2_categories":null,"composer_blocks_2_exclude_categories":null,"_composer_blocks_2_exclude_categories":null,"composer_blocks_2_posts_order":null,"_composer_blocks_2_posts_order":null,"composer_blocks_2_layout":null,"_composer_blocks_2_layout":null,"yoast_head":"<!-- This site is optimized with the Yoast SEO plugin v26.5 - https:\/\/yoast.com\/wordpress\/plugins\/seo\/ -->\n<title>\u017begluga \u015ar\u00f3dl\u0105dowa w Polsce \u2013 rozw\u00f3j, czy stagnacja? - \u2705 Seaoo.com | Blog<\/title>\n<meta name=\"description\" content=\"\u017begluga \u015ar\u00f3dl\u0105dowa w Polsce \u2013 rozw\u00f3j, czy stagnacja? Kilka dni temu og\u0142oszono, \u017ce w Opolu odb\u0119dzie si\u0119 I Kongres \u017beglugi \u015ar\u00f3dl\u0105dowej.\" \/>\n<meta name=\"robots\" content=\"index, follow, max-snippet:-1, max-image-preview:large, max-video-preview:-1\" \/>\n<link rel=\"canonical\" href=\"https:\/\/www.seaoo.com\/blog\/zegluga-srodladowa-rozwoj-czy-stagnacja\/\" \/>\n<meta property=\"og:locale\" content=\"pl_PL\" \/>\n<meta property=\"og:type\" content=\"article\" \/>\n<meta property=\"og:title\" content=\"\u017begluga \u015ar\u00f3dl\u0105dowa w Polsce \u2013 rozw\u00f3j, czy stagnacja? - \u2705 Seaoo.com | Blog\" \/>\n<meta property=\"og:description\" content=\"\u017begluga \u015ar\u00f3dl\u0105dowa w Polsce \u2013 rozw\u00f3j, czy stagnacja? Kilka dni temu og\u0142oszono, \u017ce w Opolu odb\u0119dzie si\u0119 I Kongres \u017beglugi \u015ar\u00f3dl\u0105dowej.\" \/>\n<meta property=\"og:url\" content=\"https:\/\/www.seaoo.com\/blog\/zegluga-srodladowa-rozwoj-czy-stagnacja\/\" \/>\n<meta property=\"og:site_name\" content=\"\u2705 Seaoo.com | Blog\" \/>\n<meta property=\"article:published_time\" content=\"2018-07-16T08:46:31+00:00\" \/>\n<meta property=\"article:modified_time\" content=\"2020-01-10T09:37:58+00:00\" \/>\n<meta property=\"og:image\" content=\"https:\/\/www.seaoo.com\/blog\/wp-content\/uploads\/2018\/07\/blog_1065.jpg\" \/>\n\t<meta property=\"og:image:width\" content=\"1024\" \/>\n\t<meta property=\"og:image:height\" content=\"768\" \/>\n\t<meta property=\"og:image:type\" content=\"image\/jpeg\" \/>\n<meta name=\"author\" content=\"Marcin Lewicki\" \/>\n<meta name=\"twitter:card\" content=\"summary_large_image\" \/>\n<meta name=\"twitter:creator\" content=\"@seaoocom\" \/>\n<meta name=\"twitter:site\" content=\"@seaoocom\" \/>\n<meta name=\"twitter:label1\" content=\"Napisane przez\" \/>\n\t<meta name=\"twitter:data1\" content=\"Marcin Lewicki\" \/>\n\t<meta name=\"twitter:label2\" content=\"Szacowany czas czytania\" \/>\n\t<meta name=\"twitter:data2\" content=\"3 minuty\" \/>\n<script type=\"application\/ld+json\" class=\"yoast-schema-graph\">{\"@context\":\"https:\/\/schema.org\",\"@graph\":[{\"@type\":\"WebPage\",\"@id\":\"https:\/\/www.seaoo.com\/blog\/zegluga-srodladowa-rozwoj-czy-stagnacja\/\",\"url\":\"https:\/\/www.seaoo.com\/blog\/zegluga-srodladowa-rozwoj-czy-stagnacja\/\",\"name\":\"\u017begluga \u015ar\u00f3dl\u0105dowa w Polsce \u2013 rozw\u00f3j, czy stagnacja? - \u2705 Seaoo.com | Blog\",\"isPartOf\":{\"@id\":\"https:\/\/www.seaoo.com\/blog\/#website\"},\"primaryImageOfPage\":{\"@id\":\"https:\/\/www.seaoo.com\/blog\/zegluga-srodladowa-rozwoj-czy-stagnacja\/#primaryimage\"},\"image\":{\"@id\":\"https:\/\/www.seaoo.com\/blog\/zegluga-srodladowa-rozwoj-czy-stagnacja\/#primaryimage\"},\"thumbnailUrl\":\"https:\/\/www.seaoo.com\/blog\/wp-content\/uploads\/2018\/07\/blog_1065.jpg\",\"datePublished\":\"2018-07-16T08:46:31+00:00\",\"dateModified\":\"2020-01-10T09:37:58+00:00\",\"author\":{\"@id\":\"https:\/\/www.seaoo.com\/blog\/#\/schema\/person\/26badc2f57702ae75b8266301a1d1fd1\"},\"description\":\"\u017begluga \u015ar\u00f3dl\u0105dowa w Polsce \u2013 rozw\u00f3j, czy stagnacja? Kilka dni temu og\u0142oszono, \u017ce w Opolu odb\u0119dzie si\u0119 I Kongres \u017beglugi \u015ar\u00f3dl\u0105dowej.\",\"breadcrumb\":{\"@id\":\"https:\/\/www.seaoo.com\/blog\/zegluga-srodladowa-rozwoj-czy-stagnacja\/#breadcrumb\"},\"inLanguage\":\"pl-PL\",\"potentialAction\":[{\"@type\":\"ReadAction\",\"target\":[\"https:\/\/www.seaoo.com\/blog\/zegluga-srodladowa-rozwoj-czy-stagnacja\/\"]}]},{\"@type\":\"ImageObject\",\"inLanguage\":\"pl-PL\",\"@id\":\"https:\/\/www.seaoo.com\/blog\/zegluga-srodladowa-rozwoj-czy-stagnacja\/#primaryimage\",\"url\":\"https:\/\/www.seaoo.com\/blog\/wp-content\/uploads\/2018\/07\/blog_1065.jpg\",\"contentUrl\":\"https:\/\/www.seaoo.com\/blog\/wp-content\/uploads\/2018\/07\/blog_1065.jpg\",\"width\":1024,\"height\":768,\"caption\":\"\u017begluga \u015br\u00f3dl\u0105dowa\"},{\"@type\":\"BreadcrumbList\",\"@id\":\"https:\/\/www.seaoo.com\/blog\/zegluga-srodladowa-rozwoj-czy-stagnacja\/#breadcrumb\",\"itemListElement\":[{\"@type\":\"ListItem\",\"position\":1,\"name\":\"Strona g\u0142\u00f3wna\",\"item\":\"https:\/\/www.seaoo.com\/blog\/\"},{\"@type\":\"ListItem\",\"position\":2,\"name\":\"\u017begluga \u015ar\u00f3dl\u0105dowa w Polsce \u2013 rozw\u00f3j, czy stagnacja?\"}]},{\"@type\":\"WebSite\",\"@id\":\"https:\/\/www.seaoo.com\/blog\/#website\",\"url\":\"https:\/\/www.seaoo.com\/blog\/\",\"name\":\"Seaoo.com | Blog\",\"description\":\"Blog - Transport morski, lotniczy, spedycja\",\"potentialAction\":[{\"@type\":\"SearchAction\",\"target\":{\"@type\":\"EntryPoint\",\"urlTemplate\":\"https:\/\/www.seaoo.com\/blog\/?s={search_term_string}\"},\"query-input\":{\"@type\":\"PropertyValueSpecification\",\"valueRequired\":true,\"valueName\":\"search_term_string\"}}],\"inLanguage\":\"pl-PL\"},{\"@type\":\"Person\",\"@id\":\"https:\/\/www.seaoo.com\/blog\/#\/schema\/person\/26badc2f57702ae75b8266301a1d1fd1\",\"name\":\"Marcin Lewicki\",\"image\":{\"@type\":\"ImageObject\",\"inLanguage\":\"pl-PL\",\"@id\":\"https:\/\/www.seaoo.com\/blog\/#\/schema\/person\/image\/\",\"url\":\"https:\/\/www.seaoo.com\/blog\/wp-content\/uploads\/2018\/06\/Redaktor_Lewicki-150x150.jpg\",\"contentUrl\":\"https:\/\/www.seaoo.com\/blog\/wp-content\/uploads\/2018\/06\/Redaktor_Lewicki-150x150.jpg\",\"caption\":\"Marcin Lewicki\"},\"description\":\"Zapalony podr\u00f3\u017cnik, uwa\u017cny obserwator rynku spedycyjnego i dzia\u0142a\u0144 zwi\u0105zanych z logistyk\u0105. Dziennikarz i marketingowiec z zawodu i powo\u0142ania. By\u0142y reporter Radia Zet, oraz toru\u0144skiego Radia GRA. Absolwent Uniwersytetu Miko\u0142aja Kopernika w Toruniu. Od urodzenia mieszkaniec Grodu Kopernika, o kt\u00f3rym wie absolutnie wszystko. Prywatnie fan sportu, motoryzacji i pierog\u00f3w ruskich.\",\"url\":\"https:\/\/www.seaoo.com\/blog\/author\/marcinlewicki\/\"}]}<\/script>\n<!-- \/ Yoast SEO plugin. -->","yoast_head_json":{"title":"\u017begluga \u015ar\u00f3dl\u0105dowa w Polsce \u2013 rozw\u00f3j, czy stagnacja? - \u2705 Seaoo.com | Blog","description":"\u017begluga \u015ar\u00f3dl\u0105dowa w Polsce \u2013 rozw\u00f3j, czy stagnacja? Kilka dni temu og\u0142oszono, \u017ce w Opolu odb\u0119dzie si\u0119 I Kongres \u017beglugi \u015ar\u00f3dl\u0105dowej.","robots":{"index":"index","follow":"follow","max-snippet":"max-snippet:-1","max-image-preview":"max-image-preview:large","max-video-preview":"max-video-preview:-1"},"canonical":"https:\/\/www.seaoo.com\/blog\/zegluga-srodladowa-rozwoj-czy-stagnacja\/","og_locale":"pl_PL","og_type":"article","og_title":"\u017begluga \u015ar\u00f3dl\u0105dowa w Polsce \u2013 rozw\u00f3j, czy stagnacja? - \u2705 Seaoo.com | Blog","og_description":"\u017begluga \u015ar\u00f3dl\u0105dowa w Polsce \u2013 rozw\u00f3j, czy stagnacja? Kilka dni temu og\u0142oszono, \u017ce w Opolu odb\u0119dzie si\u0119 I Kongres \u017beglugi \u015ar\u00f3dl\u0105dowej.","og_url":"https:\/\/www.seaoo.com\/blog\/zegluga-srodladowa-rozwoj-czy-stagnacja\/","og_site_name":"\u2705 Seaoo.com | Blog","article_published_time":"2018-07-16T08:46:31+00:00","article_modified_time":"2020-01-10T09:37:58+00:00","og_image":[{"width":1024,"height":768,"url":"https:\/\/www.seaoo.com\/blog\/wp-content\/uploads\/2018\/07\/blog_1065.jpg","type":"image\/jpeg"}],"author":"Marcin Lewicki","twitter_card":"summary_large_image","twitter_creator":"@seaoocom","twitter_site":"@seaoocom","twitter_misc":{"Napisane przez":"Marcin Lewicki","Szacowany czas czytania":"3 minuty"},"schema":{"@context":"https:\/\/schema.org","@graph":[{"@type":"WebPage","@id":"https:\/\/www.seaoo.com\/blog\/zegluga-srodladowa-rozwoj-czy-stagnacja\/","url":"https:\/\/www.seaoo.com\/blog\/zegluga-srodladowa-rozwoj-czy-stagnacja\/","name":"\u017begluga \u015ar\u00f3dl\u0105dowa w Polsce \u2013 rozw\u00f3j, czy stagnacja? - \u2705 Seaoo.com | Blog","isPartOf":{"@id":"https:\/\/www.seaoo.com\/blog\/#website"},"primaryImageOfPage":{"@id":"https:\/\/www.seaoo.com\/blog\/zegluga-srodladowa-rozwoj-czy-stagnacja\/#primaryimage"},"image":{"@id":"https:\/\/www.seaoo.com\/blog\/zegluga-srodladowa-rozwoj-czy-stagnacja\/#primaryimage"},"thumbnailUrl":"https:\/\/www.seaoo.com\/blog\/wp-content\/uploads\/2018\/07\/blog_1065.jpg","datePublished":"2018-07-16T08:46:31+00:00","dateModified":"2020-01-10T09:37:58+00:00","author":{"@id":"https:\/\/www.seaoo.com\/blog\/#\/schema\/person\/26badc2f57702ae75b8266301a1d1fd1"},"description":"\u017begluga \u015ar\u00f3dl\u0105dowa w Polsce \u2013 rozw\u00f3j, czy stagnacja? Kilka dni temu og\u0142oszono, \u017ce w Opolu odb\u0119dzie si\u0119 I Kongres \u017beglugi \u015ar\u00f3dl\u0105dowej.","breadcrumb":{"@id":"https:\/\/www.seaoo.com\/blog\/zegluga-srodladowa-rozwoj-czy-stagnacja\/#breadcrumb"},"inLanguage":"pl-PL","potentialAction":[{"@type":"ReadAction","target":["https:\/\/www.seaoo.com\/blog\/zegluga-srodladowa-rozwoj-czy-stagnacja\/"]}]},{"@type":"ImageObject","inLanguage":"pl-PL","@id":"https:\/\/www.seaoo.com\/blog\/zegluga-srodladowa-rozwoj-czy-stagnacja\/#primaryimage","url":"https:\/\/www.seaoo.com\/blog\/wp-content\/uploads\/2018\/07\/blog_1065.jpg","contentUrl":"https:\/\/www.seaoo.com\/blog\/wp-content\/uploads\/2018\/07\/blog_1065.jpg","width":1024,"height":768,"caption":"\u017begluga \u015br\u00f3dl\u0105dowa"},{"@type":"BreadcrumbList","@id":"https:\/\/www.seaoo.com\/blog\/zegluga-srodladowa-rozwoj-czy-stagnacja\/#breadcrumb","itemListElement":[{"@type":"ListItem","position":1,"name":"Strona g\u0142\u00f3wna","item":"https:\/\/www.seaoo.com\/blog\/"},{"@type":"ListItem","position":2,"name":"\u017begluga \u015ar\u00f3dl\u0105dowa w Polsce \u2013 rozw\u00f3j, czy stagnacja?"}]},{"@type":"WebSite","@id":"https:\/\/www.seaoo.com\/blog\/#website","url":"https:\/\/www.seaoo.com\/blog\/","name":"Seaoo.com | Blog","description":"Blog - Transport morski, lotniczy, spedycja","potentialAction":[{"@type":"SearchAction","target":{"@type":"EntryPoint","urlTemplate":"https:\/\/www.seaoo.com\/blog\/?s={search_term_string}"},"query-input":{"@type":"PropertyValueSpecification","valueRequired":true,"valueName":"search_term_string"}}],"inLanguage":"pl-PL"},{"@type":"Person","@id":"https:\/\/www.seaoo.com\/blog\/#\/schema\/person\/26badc2f57702ae75b8266301a1d1fd1","name":"Marcin Lewicki","image":{"@type":"ImageObject","inLanguage":"pl-PL","@id":"https:\/\/www.seaoo.com\/blog\/#\/schema\/person\/image\/","url":"https:\/\/www.seaoo.com\/blog\/wp-content\/uploads\/2018\/06\/Redaktor_Lewicki-150x150.jpg","contentUrl":"https:\/\/www.seaoo.com\/blog\/wp-content\/uploads\/2018\/06\/Redaktor_Lewicki-150x150.jpg","caption":"Marcin Lewicki"},"description":"Zapalony podr\u00f3\u017cnik, uwa\u017cny obserwator rynku spedycyjnego i dzia\u0142a\u0144 zwi\u0105zanych z logistyk\u0105. Dziennikarz i marketingowiec z zawodu i powo\u0142ania. By\u0142y reporter Radia Zet, oraz toru\u0144skiego Radia GRA. Absolwent Uniwersytetu Miko\u0142aja Kopernika w Toruniu. Od urodzenia mieszkaniec Grodu Kopernika, o kt\u00f3rym wie absolutnie wszystko. Prywatnie fan sportu, motoryzacji i pierog\u00f3w ruskich.","url":"https:\/\/www.seaoo.com\/blog\/author\/marcinlewicki\/"}]}},"_links":{"self":[{"href":"https:\/\/www.seaoo.com\/blog\/wp-json\/wp\/v2\/posts\/20293","targetHints":{"allow":["GET"]}}],"collection":[{"href":"https:\/\/www.seaoo.com\/blog\/wp-json\/wp\/v2\/posts"}],"about":[{"href":"https:\/\/www.seaoo.com\/blog\/wp-json\/wp\/v2\/types\/post"}],"author":[{"embeddable":true,"href":"https:\/\/www.seaoo.com\/blog\/wp-json\/wp\/v2\/users\/9"}],"replies":[{"embeddable":true,"href":"https:\/\/www.seaoo.com\/blog\/wp-json\/wp\/v2\/comments?post=20293"}],"version-history":[{"count":5,"href":"https:\/\/www.seaoo.com\/blog\/wp-json\/wp\/v2\/posts\/20293\/revisions"}],"predecessor-version":[{"id":23575,"href":"https:\/\/www.seaoo.com\/blog\/wp-json\/wp\/v2\/posts\/20293\/revisions\/23575"}],"wp:featuredmedia":[{"embeddable":true,"href":"https:\/\/www.seaoo.com\/blog\/wp-json\/wp\/v2\/media\/20302"}],"wp:attachment":[{"href":"https:\/\/www.seaoo.com\/blog\/wp-json\/wp\/v2\/media?parent=20293"}],"wp:term":[{"taxonomy":"category","embeddable":true,"href":"https:\/\/www.seaoo.com\/blog\/wp-json\/wp\/v2\/categories?post=20293"},{"taxonomy":"post_tag","embeddable":true,"href":"https:\/\/www.seaoo.com\/blog\/wp-json\/wp\/v2\/tags?post=20293"}],"curies":[{"name":"wp","href":"https:\/\/api.w.org\/{rel}","templated":true}]}}