{"id":21036,"date":"2019-01-17T06:04:14","date_gmt":"2019-01-17T05:04:14","guid":{"rendered":"https:\/\/www.seaoo.com\/blog\/?p=21036"},"modified":"2020-01-10T09:26:20","modified_gmt":"2020-01-10T08:26:20","slug":"transport-lotniczy-w-2019-roku","status":"publish","type":null,"link":"https:\/\/www.seaoo.com\/blog\/transport-lotniczy-w-2019-roku\/","title":{"rendered":"Transport lotniczy w 2019 roku \u2013 prognozy"},"content":{"rendered":"\r\n<p class=\"introduction\">W 2018 roku transport lotniczy zmala\u0142 ze wzgl\u0119du\r\nna zachwianie w sektorze transportowym. Jaka b\u0119dzie sytuacja tego sektora w\r\nniedawno rozpocz\u0119tym roku i jakie kierunki mog\u0105 cieszy\u0107 si\u0119 najwi\u0119kszym\r\npowodzeniem?<\/p>\r\n\r\n\r\n\r\n<p>Transport lotniczy jest tak samo zale\u017cny od waha\u0144 gospodarczych jak wszystkie inne sektory przemys\u0142u transportowego. Podatki, ceny paliwa i og\u00f3lna koniunktura wp\u0142ywaj\u0105 na rozw\u00f3j tej bran\u017cy i wybierane przez kontrahent\u00f3w kierunki. Z pewno\u015bci\u0105 rywalizacja mi\u0119dzy transportem lotniczym, <a href=\"https:\/\/www.seaoo.com\/blog\/drobnica-kolejowa-jedzie-z-chin\/\">kolejowym<\/a>, morskim i drogowym zapowiada si\u0119 ciekawie i na pewno b\u0119dzie zaci\u0119ta<\/p>\r\n\r\n\r\n\r\n<h2 class=\"wp-block-heading\">Jak si\u0119 trzyma transport lotniczy?<\/h2>\r\n\r\n\r\n\r\n<p>Odpowied\u017a brzmi: ro\u015bnie ale bez sza\u0142u. Cho\u0107 statystyki tej ga\u0142\u0119zi ca\u0142y czas rosn\u0105 to ich dynamizm jest mniejszy ni\u017c w 2017 roku. W ostatnim kwartale 2018 roku wzrost w lotnictwie by\u0142 mniejszy ni\u017c w analogicznym okresie ubieg\u0142ego roku o 2%. To sporo, jednak faktem pocieszaj\u0105cym bran\u017c\u0119 mo\u017ce by\u0107 ci\u0105g\u0142y wzrost. <\/p>\r\n\r\n\r\n\r\n<p>Opieraj\u0105c si\u0119 na analizie\r\nWorldACD mo\u017cna zauwa\u017cy\u0107, \u017ce 2018 rok by\u0142 bardzo r\u00f3\u017cny dla lotnictwa\r\ntransportowego. Zanotowano ci\u0105g\u0142y wzrost ale w niekt\u00f3rych miesi\u0105cach ta\r\ntendencja nie by\u0142a tak wyra\u017ana jak w poprzednich latach. Poprawi\u0142 si\u0119 natomiast\r\ninny wa\u017cny w przewozie powietrznym wska\u017anik \u2013 \u015brednich przychod\u00f3w z pracy\r\nprzewozowej. Ten liczony jest w specjalistycznych jednostkach czyli tonomilach.\r\nJego warto\u015b\u0107 by\u0142a wy\u017csza o ponad 3,5% w skali roku. <\/p>\r\n\r\n\r\n\r\n<p>Niekt\u00f3rzy specjali\u015bci s\u0105 zdania,\r\n\u017ce w\u0142a\u015bnie ten wska\u017anik jest pokazaniem rozwoju ga\u0142\u0119zi jak\u0105 jest transport\r\nlotniczy. WorldACD twierdzi, \u017ce 2019 rok mo\u017ce by\u0107 troch\u0119 s\u0142abszy od poprzednich\r\nlat. Okres zapowiada si\u0119 niestabilnie i ci\u0119\u017cko jest przewidywa\u0107 gospodarcze\r\nuwarunkowania \u2013 poprzednie lata by\u0142y pod tym wzgl\u0119dem du\u017co stabilniejsze. <\/p>\r\n\r\n\r\n\r\n<p>Wszyscy zgadzaj\u0105 si\u0119 jednak, \u017ce na\r\npewno wzrost w bran\u017cy b\u0119dzie. To zdanie bezdyskusyjne, podzielane przez ka\u017cdego\r\neksperta. Warto tu zauwa\u017cy\u0107, \u017ce lata 2013-2016 by\u0142y dla bran\u017cy bardzo chude i\r\nzako\u0144czone ujemnie. <\/p>\r\n\r\n\r\n\r\n<h2 class=\"wp-block-heading\">Gdzie lataj\u0105 cargo?<\/h2>\r\n\r\n\r\n\r\n<p>Warto sprawdzi\u0107 kierunki, kt\u00f3re\r\npodbija transport lotniczy. Bardzo rozwija si\u0119 cargo w rejonie Afryki.\r\nKontynent coraz mocniej \u0142aknie d\u00f3br i droga lotnicza wydaje si\u0119\r\nnajodpowiedniejsza do przewozu tych\u017ce. Oczywiste jest te\u017c, \u017ce jednym z lider\u00f3w\r\njest Azja. <\/p>\r\n\r\n\r\n\r\n<p>Kierunek chi\u0144ski to zreszt\u0105 najlepsza opcja handlowa dla tysi\u0119cy przedsi\u0119biorc\u00f3w. Polacy mog\u0105 korzysta\u0107 z bardzo dogodnych po\u0142\u0105cze\u0144 na przyk\u0142ad z <a href=\"https:\/\/www.seaoo.com\/blog\/spedycja-z-chin\/\">Frankfurtu<\/a>. Dobrodziejstwo transportu intermodalnego daje mo\u017cliwo\u015b\u0107 ci\u0105g\u0142ego obrotu handlowego pomi\u0119dzy Polsk\u0105 i Azj\u0105. <\/p>\r\n\r\n\r\n\r\n<p>Loty rozwijane s\u0105 r\u00f3wnie\u017c do\r\ninnych obszar\u00f3w na \u015bwiecie, kt\u00f3re stanowi\u0105 coraz wa\u017cniejszy punkt na handlowej\r\nmapie globu. Sprzyja to przedsi\u0119biorcom handluj\u0105cym z podmiotami z Australii,\r\nAmeryki Po\u0142udniowej i Ameryki P\u00f3\u0142nocnej. <\/p>\r\n\r\n\r\n\r\n<p>Podsumowuj\u0105c mo\u017cna stwierdzi\u0107, \u017ce w 2019 roku transport lotniczy zyska ale mniej ni\u017c w poprzednich latach. Brylowa\u0107 b\u0119d\u0105 zw\u0142aszcza kierunki, kt\u00f3re staj\u0105 si\u0119 dla przedsi\u0119biorc\u00f3w coraz bardziej atrakcyjne i rozwijaj\u0105ce si\u0119. S\u0142abszy wzrost nie oznacza jednak kryzysu w bran\u017cy a analitycy zgodni s\u0105 z tym, \u017ce prognozy mog\u0105 zawiera\u0107 b\u0142\u0119dy ale tylko na korzy\u015b\u0107 sektora lotniczego. <\/p>\r\n","protected":false},"excerpt":{"rendered":"<p>W 2018 roku transport lotniczy zmala\u0142 ze wzgl\u0119du na zachwianie w sektorze transportowym. Jaka b\u0119dzie sytuacja tego sektora w niedawno rozpocz\u0119tym roku i jakie kierunki mog\u0105 cieszy\u0107 si\u0119 najwi\u0119kszym powodzeniem? Transport lotniczy jest tak samo zale\u017cny od waha\u0144 gospodarczych jak wszystkie inne sektory przemys\u0142u transportowego. Podatki, ceny paliwa i og\u00f3lna koniunktura wp\u0142ywaj\u0105 na rozw\u00f3j tej &#8230;<\/p>\n","protected":false},"author":9,"featured_media":21060,"comment_status":"open","ping_status":"closed","sticky":false,"template":"","format":"standard","meta":{"_bbp_topic_count":0,"_bbp_reply_count":0,"_bbp_total_topic_count":0,"_bbp_total_reply_count":0,"_bbp_voice_count":0,"_bbp_anonymous_reply_count":0,"_bbp_topic_count_hidden":0,"_bbp_reply_count_hidden":0,"_bbp_forum_subforum_count":0,"footnotes":""},"categories":[304],"tags":[6202,609,895,6163,299],"class_list":["post-21036","post","type-post","status-publish","format-standard","has-post-thumbnail","hentry","category-transport-lotniczy","tag-6202","tag-cargo","tag-frankfurt","tag-prognoza","tag-transport-lotniczy"],"_wp_page_template":null,"_publicize_pending":null,"publicize_twitter_user":null,"_wpas_done_4647298":null,"_publicize_done_external":null,"_wpas_skip_4647132":null,"_wpas_skip_4647298":null,"_wp_attached_file":null,"_wp_attachment_metadata":null,"publicize_facebook_url":null,"publicize_twitter_url":null,"_wpas_mess":null,"_wpas_done_4647132":null,"_menu_item_type":null,"_menu_item_menu_item_parent":null,"_menu_item_object_id":null,"_menu_item_object":null,"_menu_item_target":null,"_menu_item_classes":null,"_menu_item_xfn":null,"_menu_item_url":null,"_ht_post_sidebar":null,"_ht_post_view_single":null,"_ht_pf_gallery_post_title":null,"_ht_pf_gallery_post_excerpt":null,"_ht_pf_image_post_title":null,"_ht_pf_image_post_excerpt":null,"_ht_pf_video_post_title":null,"_ht_pf_video_post_excerpt":null,"_ht_pf_audio_post_title":null,"_ht_pf_audio_post_excerpt":null,"_ht_pf_quote_post_title":null,"_ht_pf_quote_post_excerpt":null,"_ht_pf_link_post_title":null,"_ht_pf_link_post_excerpt":null,"_ht_pf_status_post_title":null,"_ht_pf_status_post_excerpt":null,"_ht_pf_chat_post_title":null,"_ht_pf_chat_post_excerpt":null,"_thumbnail_id":"21060","_ht_page_sidebar":null,"_yoast_wpseo_metadesc":"Jak wygl\u0105daj\u0105 prognozy na transport lotniczy w 2019 roku? Gdzie cargo b\u0119dzie obci\u0105\u017cone najmocniej? Odpowiedzi nie s\u0105 jednoznaczne","_yoast_wpseo_title":null,"snap_MYURL":null,"snapEdIT":null,"_oembed_40f0523be0a7cccf82a74e2f32216081":null,"_wp_attachment_image_alt":null,"_ht_pf_chat_transcript":null,"_wp_attachment_context":null,"_wp_attachment_is_custom_background":null,"vw_page_sidebar_position":null,"vw_page_sidebar":null,"_oembed_9ed160af28102b6bdd391f41932dcc1e":null,"_oembed_a152c1b5cf649707d71c4dc1e001ab46":null,"_oembed_96052fc1555c5ff28552dcab1f093f93":null,"_oembed_04617823c1cd81d8e270b89858c3c976":null,"pricing-portal":"seaoo","pricing-direction":"import","pricing-display":null,"pricing-loc-seaoo-from":"GBABD","pricing-loc-seaoo-to":"GBABD","pricing-loc-airoo-from":"GBABZ","pricing-loc-airoo-to":"GBABZ","_oembed_5826bee7bef20410a694d40ce147eef9":null,"_oembed_cb5ff4df5c58b863a22d717f61ae2222":null,"vw_review_average_score":null,"_oembed_22941a9ba18bf216b8e799dc7448b799":null,"_oembed_31d7ad9924683d0ff76869709112302a":null,"_wp_attachment_backup_sizes":null,"_oembed_fe7201a85d41d1efe41e3c08d343bfab":null,"_yoast_wpseo_primary_category":"304","notification_id":null,"dismissable":null,"location":null,"plugins":null,"theme":null,"version":null,"viewed":null,"expiration":null,"plans":null,"_wp_old_date":null,"_oembed_fafe56e0b77285f5fcbedc7b62efa776":null,"_oembed_time_fafe56e0b77285f5fcbedc7b62efa776":null,"_oembed_d5120d5da509e3a3d1457419a46a5798":null,"_oembed_time_d5120d5da509e3a3d1457419a46a5798":null,"_oembed_8be25414c9757d6d1a5031853cf9edc6":null,"_oembed_time_8be25414c9757d6d1a5031853cf9edc6":null,"_oembed_e3a222bedb373e3cbf93463247d41816":null,"_oembed_time_e3a222bedb373e3cbf93463247d41816":null,"_oembed_d2b84c4ea49ad59327a86d82d2fae4eb":null,"_oembed_time_d2b84c4ea49ad59327a86d82d2fae4eb":null,"_oembed_7960862450f372b9a46e65a320186142":null,"_oembed_time_7960862450f372b9a46e65a320186142":null,"_oembed_394fa6bf4c2c108194ccf0c1290af63c":null,"_oembed_time_394fa6bf4c2c108194ccf0c1290af63c":null,"_oembed_9f5b0f4967f26614958b90617a0744a9":null,"_oembed_time_9f5b0f4967f26614958b90617a0744a9":null,"_oembed_75876e4b052b61efd46ec06cea5979f6":null,"_oembed_time_75876e4b052b61efd46ec06cea5979f6":null,"_oembed_bb243f28bfeccdf6f6ec824596c9dbf1":null,"_oembed_time_bb243f28bfeccdf6f6ec824596c9dbf1":null,"_oembed_3369660868a071a94e0d2b99f83b80e0":null,"_oembed_time_3369660868a071a94e0d2b99f83b80e0":null,"_oembed_8e721a0b9beb9d6b6d38f4022c7d676e":null,"_oembed_time_8e721a0b9beb9d6b6d38f4022c7d676e":null,"_yoast_wpseo_keywordsynonyms":null,"_wp_attachment_wp_user_avatar":null,"_yst_prominent_words_version":null,"_wp_to_buffer_error":null,"snap_isAutoPosted":null,"_snap_forceSURL":null,"snapGMB":null,"snapFB":null,"snapIG":null,"snapPN":null,"snapLI":null,"classic-editor-remember":null,"_gtm_vars":[],"wp-smpro-smush-data":null,"wp-smush-lossy":null,"wp-smush-pngjpg_savings":null,"wp-smush-resize_savings":null,"_handles":null,"_handle_urls":null,"_handle_versions":null,"_extra":null,"_args":null,"_type":null,"_dont_minify":null,"_dont_combine":null,"_dont_enqueue":null,"_defer":null,"_inline":null,"_handle_dependencies":null,"_handle_original_sizes":null,"_handle_compressed_sizes":null,"_hash":null,"_file_id":null,"_url":null,"_path":null,"_expires":null,"_snapPHST":{"tw":[[{"l":"https:\/\/twitter.com\/seaoo_com\/status\/1155807312906465281","id":"1155807312906465281","d":"2019-07-29 11:48:33","w":"a"}]]},"snapTW":"a:1:{i:0;a:4:{s:8:\"isPosted\";s:1:\"1\";s:4:\"pgID\";s:19:\"1155807312906465281\";s:7:\"postURL\";s:56:\"https:\/\/twitter.com\/seaoo_com\/status\/1155807312906465281\";s:5:\"pDate\";s:19:\"2019-07-29 11:48:33\";}}","_nxs_slinks":null,"_edit_lock":"1578644648:19","_edit_last":"19","authorsure_include_css":null,"authorsure_hide_author_box":null,"_yoast_wpseo_linkdex":"73","_yoast_wpseo_focuskw":"transport lotniczy","_wp_old_slug":null,"vw_post_featured":"0","vw_post_layout":"classic","vw_enable_review":"0","ks_metadata":null,"_yoast_wpseo_focuskw_text_input":null,"_yoast_wpseo_content_score":"90","_yoast_wpseo_focuskeywords":null,"vw_sidebar_position":"default","_vw_sidebar_position":"field_58ea588e19086","vw_sidebar":"blog-sidebar","_vw_sidebar":"field_58ea58b719087","_vw_post_featured":"field_57bac52e59c3d","vw_tagline":"","_vw_tagline":"field_57bac51c59c3c","_vw_post_layout":"field_57d7d0ef2aa96","_vw_enable_review":"field_57f75ea435727","composer_blocks_0_number":null,"_composer_blocks_0_number":null,"composer_blocks_0_categories":null,"_composer_blocks_0_categories":null,"composer_blocks_0_exclude_categories":null,"_composer_blocks_0_exclude_categories":null,"composer_blocks_0_posts_order":null,"_composer_blocks_0_posts_order":null,"composer_blocks_0_layout":null,"_composer_blocks_0_layout":null,"composer_blocks_1_supertitle":null,"_composer_blocks_1_supertitle":null,"composer_blocks_1_title":null,"_composer_blocks_1_title":null,"composer_blocks_1_subtitle":null,"_composer_blocks_1_subtitle":null,"composer_blocks_1_lead_layout":null,"_composer_blocks_1_lead_layout":null,"composer_blocks_1_layout":null,"_composer_blocks_1_layout":null,"composer_blocks_1_number":null,"_composer_blocks_1_number":null,"composer_blocks_1_offset":null,"_composer_blocks_1_offset":null,"composer_blocks_1_categories":null,"_composer_blocks_1_categories":null,"composer_blocks_1_exclude_categories":null,"_composer_blocks_1_exclude_categories":null,"composer_blocks_1_posts_order":null,"_composer_blocks_1_posts_order":null,"composer_blocks_1_pagination":null,"_composer_blocks_1_pagination":null,"composer_blocks_1_sidebar":null,"_composer_blocks_1_sidebar":null,"composer_blocks":null,"_composer_blocks":null,"composer_blocks_2_number":null,"_composer_blocks_2_number":null,"composer_blocks_2_categories":null,"_composer_blocks_2_categories":null,"composer_blocks_2_exclude_categories":null,"_composer_blocks_2_exclude_categories":null,"composer_blocks_2_posts_order":null,"_composer_blocks_2_posts_order":null,"composer_blocks_2_layout":null,"_composer_blocks_2_layout":null,"yoast_head":"<!-- This site is optimized with the Yoast SEO plugin v26.5 - https:\/\/yoast.com\/wordpress\/plugins\/seo\/ -->\n<title>Transport lotniczy w 2019 roku \u2013 prognozy - \u2705 Seaoo.com | Blog<\/title>\n<meta name=\"description\" content=\"Jak wygl\u0105daj\u0105 prognozy na transport lotniczy w 2019 roku? Gdzie cargo b\u0119dzie obci\u0105\u017cone najmocniej? Odpowiedzi nie s\u0105 jednoznaczne\" \/>\n<meta name=\"robots\" content=\"index, follow, max-snippet:-1, max-image-preview:large, max-video-preview:-1\" \/>\n<link rel=\"canonical\" href=\"https:\/\/www.seaoo.com\/blog\/transport-lotniczy-w-2019-roku\/\" \/>\n<meta property=\"og:locale\" content=\"pl_PL\" \/>\n<meta property=\"og:type\" content=\"article\" \/>\n<meta property=\"og:title\" content=\"Transport lotniczy w 2019 roku \u2013 prognozy - \u2705 Seaoo.com | Blog\" \/>\n<meta property=\"og:description\" content=\"Jak wygl\u0105daj\u0105 prognozy na transport lotniczy w 2019 roku? Gdzie cargo b\u0119dzie obci\u0105\u017cone najmocniej? Odpowiedzi nie s\u0105 jednoznaczne\" \/>\n<meta property=\"og:url\" content=\"https:\/\/www.seaoo.com\/blog\/transport-lotniczy-w-2019-roku\/\" \/>\n<meta property=\"og:site_name\" content=\"\u2705 Seaoo.com | Blog\" \/>\n<meta property=\"article:published_time\" content=\"2019-01-17T05:04:14+00:00\" \/>\n<meta property=\"article:modified_time\" content=\"2020-01-10T08:26:20+00:00\" \/>\n<meta property=\"og:image\" content=\"https:\/\/www.seaoo.com\/blog\/wp-content\/uploads\/2019\/01\/blog_1115.jpg\" \/>\n\t<meta property=\"og:image:width\" content=\"1024\" \/>\n\t<meta property=\"og:image:height\" content=\"768\" \/>\n\t<meta property=\"og:image:type\" content=\"image\/jpeg\" \/>\n<meta name=\"author\" content=\"Marcin Lewicki\" \/>\n<meta name=\"twitter:card\" content=\"summary_large_image\" \/>\n<meta name=\"twitter:creator\" content=\"@seaoocom\" \/>\n<meta name=\"twitter:site\" content=\"@seaoocom\" \/>\n<meta name=\"twitter:label1\" content=\"Napisane przez\" \/>\n\t<meta name=\"twitter:data1\" content=\"Marcin Lewicki\" \/>\n\t<meta name=\"twitter:label2\" content=\"Szacowany czas czytania\" \/>\n\t<meta name=\"twitter:data2\" content=\"3 minuty\" \/>\n<script type=\"application\/ld+json\" class=\"yoast-schema-graph\">{\"@context\":\"https:\/\/schema.org\",\"@graph\":[{\"@type\":\"WebPage\",\"@id\":\"https:\/\/www.seaoo.com\/blog\/transport-lotniczy-w-2019-roku\/\",\"url\":\"https:\/\/www.seaoo.com\/blog\/transport-lotniczy-w-2019-roku\/\",\"name\":\"Transport lotniczy w 2019 roku \u2013 prognozy - \u2705 Seaoo.com | Blog\",\"isPartOf\":{\"@id\":\"https:\/\/www.seaoo.com\/blog\/#website\"},\"primaryImageOfPage\":{\"@id\":\"https:\/\/www.seaoo.com\/blog\/transport-lotniczy-w-2019-roku\/#primaryimage\"},\"image\":{\"@id\":\"https:\/\/www.seaoo.com\/blog\/transport-lotniczy-w-2019-roku\/#primaryimage\"},\"thumbnailUrl\":\"https:\/\/www.seaoo.com\/blog\/wp-content\/uploads\/2019\/01\/blog_1115.jpg\",\"datePublished\":\"2019-01-17T05:04:14+00:00\",\"dateModified\":\"2020-01-10T08:26:20+00:00\",\"author\":{\"@id\":\"https:\/\/www.seaoo.com\/blog\/#\/schema\/person\/26badc2f57702ae75b8266301a1d1fd1\"},\"description\":\"Jak wygl\u0105daj\u0105 prognozy na transport lotniczy w 2019 roku? Gdzie cargo b\u0119dzie obci\u0105\u017cone najmocniej? Odpowiedzi nie s\u0105 jednoznaczne\",\"breadcrumb\":{\"@id\":\"https:\/\/www.seaoo.com\/blog\/transport-lotniczy-w-2019-roku\/#breadcrumb\"},\"inLanguage\":\"pl-PL\",\"potentialAction\":[{\"@type\":\"ReadAction\",\"target\":[\"https:\/\/www.seaoo.com\/blog\/transport-lotniczy-w-2019-roku\/\"]}]},{\"@type\":\"ImageObject\",\"inLanguage\":\"pl-PL\",\"@id\":\"https:\/\/www.seaoo.com\/blog\/transport-lotniczy-w-2019-roku\/#primaryimage\",\"url\":\"https:\/\/www.seaoo.com\/blog\/wp-content\/uploads\/2019\/01\/blog_1115.jpg\",\"contentUrl\":\"https:\/\/www.seaoo.com\/blog\/wp-content\/uploads\/2019\/01\/blog_1115.jpg\",\"width\":1024,\"height\":768,\"caption\":\"Transport lotniczy\"},{\"@type\":\"BreadcrumbList\",\"@id\":\"https:\/\/www.seaoo.com\/blog\/transport-lotniczy-w-2019-roku\/#breadcrumb\",\"itemListElement\":[{\"@type\":\"ListItem\",\"position\":1,\"name\":\"Strona g\u0142\u00f3wna\",\"item\":\"https:\/\/www.seaoo.com\/blog\/\"},{\"@type\":\"ListItem\",\"position\":2,\"name\":\"Transport lotniczy w 2019 roku \u2013 prognozy\"}]},{\"@type\":\"WebSite\",\"@id\":\"https:\/\/www.seaoo.com\/blog\/#website\",\"url\":\"https:\/\/www.seaoo.com\/blog\/\",\"name\":\"Seaoo.com | Blog\",\"description\":\"Blog - Transport morski, lotniczy, spedycja\",\"potentialAction\":[{\"@type\":\"SearchAction\",\"target\":{\"@type\":\"EntryPoint\",\"urlTemplate\":\"https:\/\/www.seaoo.com\/blog\/?s={search_term_string}\"},\"query-input\":{\"@type\":\"PropertyValueSpecification\",\"valueRequired\":true,\"valueName\":\"search_term_string\"}}],\"inLanguage\":\"pl-PL\"},{\"@type\":\"Person\",\"@id\":\"https:\/\/www.seaoo.com\/blog\/#\/schema\/person\/26badc2f57702ae75b8266301a1d1fd1\",\"name\":\"Marcin Lewicki\",\"image\":{\"@type\":\"ImageObject\",\"inLanguage\":\"pl-PL\",\"@id\":\"https:\/\/www.seaoo.com\/blog\/#\/schema\/person\/image\/\",\"url\":\"https:\/\/www.seaoo.com\/blog\/wp-content\/uploads\/2018\/06\/Redaktor_Lewicki-150x150.jpg\",\"contentUrl\":\"https:\/\/www.seaoo.com\/blog\/wp-content\/uploads\/2018\/06\/Redaktor_Lewicki-150x150.jpg\",\"caption\":\"Marcin Lewicki\"},\"description\":\"Zapalony podr\u00f3\u017cnik, uwa\u017cny obserwator rynku spedycyjnego i dzia\u0142a\u0144 zwi\u0105zanych z logistyk\u0105. Dziennikarz i marketingowiec z zawodu i powo\u0142ania. By\u0142y reporter Radia Zet, oraz toru\u0144skiego Radia GRA. Absolwent Uniwersytetu Miko\u0142aja Kopernika w Toruniu. Od urodzenia mieszkaniec Grodu Kopernika, o kt\u00f3rym wie absolutnie wszystko. Prywatnie fan sportu, motoryzacji i pierog\u00f3w ruskich.\",\"url\":\"https:\/\/www.seaoo.com\/blog\/author\/marcinlewicki\/\"}]}<\/script>\n<!-- \/ Yoast SEO plugin. -->","yoast_head_json":{"title":"Transport lotniczy w 2019 roku \u2013 prognozy - \u2705 Seaoo.com | Blog","description":"Jak wygl\u0105daj\u0105 prognozy na transport lotniczy w 2019 roku? Gdzie cargo b\u0119dzie obci\u0105\u017cone najmocniej? Odpowiedzi nie s\u0105 jednoznaczne","robots":{"index":"index","follow":"follow","max-snippet":"max-snippet:-1","max-image-preview":"max-image-preview:large","max-video-preview":"max-video-preview:-1"},"canonical":"https:\/\/www.seaoo.com\/blog\/transport-lotniczy-w-2019-roku\/","og_locale":"pl_PL","og_type":"article","og_title":"Transport lotniczy w 2019 roku \u2013 prognozy - \u2705 Seaoo.com | Blog","og_description":"Jak wygl\u0105daj\u0105 prognozy na transport lotniczy w 2019 roku? Gdzie cargo b\u0119dzie obci\u0105\u017cone najmocniej? Odpowiedzi nie s\u0105 jednoznaczne","og_url":"https:\/\/www.seaoo.com\/blog\/transport-lotniczy-w-2019-roku\/","og_site_name":"\u2705 Seaoo.com | Blog","article_published_time":"2019-01-17T05:04:14+00:00","article_modified_time":"2020-01-10T08:26:20+00:00","og_image":[{"width":1024,"height":768,"url":"https:\/\/www.seaoo.com\/blog\/wp-content\/uploads\/2019\/01\/blog_1115.jpg","type":"image\/jpeg"}],"author":"Marcin Lewicki","twitter_card":"summary_large_image","twitter_creator":"@seaoocom","twitter_site":"@seaoocom","twitter_misc":{"Napisane przez":"Marcin Lewicki","Szacowany czas czytania":"3 minuty"},"schema":{"@context":"https:\/\/schema.org","@graph":[{"@type":"WebPage","@id":"https:\/\/www.seaoo.com\/blog\/transport-lotniczy-w-2019-roku\/","url":"https:\/\/www.seaoo.com\/blog\/transport-lotniczy-w-2019-roku\/","name":"Transport lotniczy w 2019 roku \u2013 prognozy - \u2705 Seaoo.com | Blog","isPartOf":{"@id":"https:\/\/www.seaoo.com\/blog\/#website"},"primaryImageOfPage":{"@id":"https:\/\/www.seaoo.com\/blog\/transport-lotniczy-w-2019-roku\/#primaryimage"},"image":{"@id":"https:\/\/www.seaoo.com\/blog\/transport-lotniczy-w-2019-roku\/#primaryimage"},"thumbnailUrl":"https:\/\/www.seaoo.com\/blog\/wp-content\/uploads\/2019\/01\/blog_1115.jpg","datePublished":"2019-01-17T05:04:14+00:00","dateModified":"2020-01-10T08:26:20+00:00","author":{"@id":"https:\/\/www.seaoo.com\/blog\/#\/schema\/person\/26badc2f57702ae75b8266301a1d1fd1"},"description":"Jak wygl\u0105daj\u0105 prognozy na transport lotniczy w 2019 roku? Gdzie cargo b\u0119dzie obci\u0105\u017cone najmocniej? Odpowiedzi nie s\u0105 jednoznaczne","breadcrumb":{"@id":"https:\/\/www.seaoo.com\/blog\/transport-lotniczy-w-2019-roku\/#breadcrumb"},"inLanguage":"pl-PL","potentialAction":[{"@type":"ReadAction","target":["https:\/\/www.seaoo.com\/blog\/transport-lotniczy-w-2019-roku\/"]}]},{"@type":"ImageObject","inLanguage":"pl-PL","@id":"https:\/\/www.seaoo.com\/blog\/transport-lotniczy-w-2019-roku\/#primaryimage","url":"https:\/\/www.seaoo.com\/blog\/wp-content\/uploads\/2019\/01\/blog_1115.jpg","contentUrl":"https:\/\/www.seaoo.com\/blog\/wp-content\/uploads\/2019\/01\/blog_1115.jpg","width":1024,"height":768,"caption":"Transport lotniczy"},{"@type":"BreadcrumbList","@id":"https:\/\/www.seaoo.com\/blog\/transport-lotniczy-w-2019-roku\/#breadcrumb","itemListElement":[{"@type":"ListItem","position":1,"name":"Strona g\u0142\u00f3wna","item":"https:\/\/www.seaoo.com\/blog\/"},{"@type":"ListItem","position":2,"name":"Transport lotniczy w 2019 roku \u2013 prognozy"}]},{"@type":"WebSite","@id":"https:\/\/www.seaoo.com\/blog\/#website","url":"https:\/\/www.seaoo.com\/blog\/","name":"Seaoo.com | Blog","description":"Blog - Transport morski, lotniczy, spedycja","potentialAction":[{"@type":"SearchAction","target":{"@type":"EntryPoint","urlTemplate":"https:\/\/www.seaoo.com\/blog\/?s={search_term_string}"},"query-input":{"@type":"PropertyValueSpecification","valueRequired":true,"valueName":"search_term_string"}}],"inLanguage":"pl-PL"},{"@type":"Person","@id":"https:\/\/www.seaoo.com\/blog\/#\/schema\/person\/26badc2f57702ae75b8266301a1d1fd1","name":"Marcin Lewicki","image":{"@type":"ImageObject","inLanguage":"pl-PL","@id":"https:\/\/www.seaoo.com\/blog\/#\/schema\/person\/image\/","url":"https:\/\/www.seaoo.com\/blog\/wp-content\/uploads\/2018\/06\/Redaktor_Lewicki-150x150.jpg","contentUrl":"https:\/\/www.seaoo.com\/blog\/wp-content\/uploads\/2018\/06\/Redaktor_Lewicki-150x150.jpg","caption":"Marcin Lewicki"},"description":"Zapalony podr\u00f3\u017cnik, uwa\u017cny obserwator rynku spedycyjnego i dzia\u0142a\u0144 zwi\u0105zanych z logistyk\u0105. Dziennikarz i marketingowiec z zawodu i powo\u0142ania. By\u0142y reporter Radia Zet, oraz toru\u0144skiego Radia GRA. Absolwent Uniwersytetu Miko\u0142aja Kopernika w Toruniu. Od urodzenia mieszkaniec Grodu Kopernika, o kt\u00f3rym wie absolutnie wszystko. Prywatnie fan sportu, motoryzacji i pierog\u00f3w ruskich.","url":"https:\/\/www.seaoo.com\/blog\/author\/marcinlewicki\/"}]}},"_links":{"self":[{"href":"https:\/\/www.seaoo.com\/blog\/wp-json\/wp\/v2\/posts\/21036","targetHints":{"allow":["GET"]}}],"collection":[{"href":"https:\/\/www.seaoo.com\/blog\/wp-json\/wp\/v2\/posts"}],"about":[{"href":"https:\/\/www.seaoo.com\/blog\/wp-json\/wp\/v2\/types\/post"}],"author":[{"embeddable":true,"href":"https:\/\/www.seaoo.com\/blog\/wp-json\/wp\/v2\/users\/9"}],"replies":[{"embeddable":true,"href":"https:\/\/www.seaoo.com\/blog\/wp-json\/wp\/v2\/comments?post=21036"}],"version-history":[{"count":5,"href":"https:\/\/www.seaoo.com\/blog\/wp-json\/wp\/v2\/posts\/21036\/revisions"}],"predecessor-version":[{"id":23458,"href":"https:\/\/www.seaoo.com\/blog\/wp-json\/wp\/v2\/posts\/21036\/revisions\/23458"}],"wp:featuredmedia":[{"embeddable":true,"href":"https:\/\/www.seaoo.com\/blog\/wp-json\/wp\/v2\/media\/21060"}],"wp:attachment":[{"href":"https:\/\/www.seaoo.com\/blog\/wp-json\/wp\/v2\/media?parent=21036"}],"wp:term":[{"taxonomy":"category","embeddable":true,"href":"https:\/\/www.seaoo.com\/blog\/wp-json\/wp\/v2\/categories?post=21036"},{"taxonomy":"post_tag","embeddable":true,"href":"https:\/\/www.seaoo.com\/blog\/wp-json\/wp\/v2\/tags?post=21036"}],"curies":[{"name":"wp","href":"https:\/\/api.w.org\/{rel}","templated":true}]}}