{"id":22942,"date":"2019-11-25T06:48:49","date_gmt":"2019-11-25T05:48:49","guid":{"rendered":"https:\/\/www.seaoo.com\/blog\/?p=22942"},"modified":"2020-01-09T13:25:06","modified_gmt":"2020-01-09T12:25:06","slug":"wegiel-w-polsce-zalega-problem-dla-transportu","status":"publish","type":null,"link":"https:\/\/www.seaoo.com\/blog\/wegiel-w-polsce-zalega-problem-dla-transportu\/","title":{"rendered":"W\u0119giel w Polsce zalega \u2013 problem dla transportu"},"content":{"rendered":"<p class=\"introduction\">Takich ha\u0142d w\u0119glowych nie by\u0142o u nas nigdy. Problemem s\u0105 zar\u00f3wno ceny (w\u0119giel jest u nas du\u017co dro\u017cszy ni\u017c nawet na zachodzie) jak i kolejne inwestycje w odnawialne \u017ar\u00f3d\u0142a energii. Rykoszetem dostanie oczywi\u015bcie te\u017c transport.<\/p>\n<p><!--more--><\/p>\n<p>Zanim przejdziemy do zale\u017cno\u015bci pomi\u0119dzy transportem a zalegaj\u0105cymi zapasami, sp\u00f3jrzmy, dlaczego w\u0119giel le\u017cy u nas od\u0142ogiem.<\/p>\n<h2>W\u0119giel \u2013 miliony ton energii<\/h2>\n<p>Ile w\u0119gla zalega w Polsce? Wed\u0142ug szacunk\u00f3w mo\u017ce to by\u0107 nawet 13,5 miliona ton. Tak wielkich zapas\u00f3w nie by\u0142o od wielu lat. Niekt\u00f3rzy \u017cartuj\u0105, \u017ce lepszego zabezpieczenia energetycznego nie mogli\u015bmy mie\u0107, ale to wcale nie jest pow\u00f3d do \u015bmiechu.<\/p>\n<p>Sp\u00f3jrzmy dlaczego w\u0119giel nie jest u nas wykorzystywany. Problemem jest z pewno\u015bci\u0105 handel. Ceny polskiego surowca s\u0105 ogromne. Jeste\u015bmy w \u015bwiatowej czo\u0142\u00f3wce pod wzgl\u0119dem wydobycia, ale r\u00f3wnie\u017c kwot, jakie trzeba zap\u0142aci\u0107 za ton\u0119 energetycznego surowca. Do\u015b\u0107 powiedzie\u0107, \u017ce polski w\u0119giel jest dro\u017cszy od zachodniego.<\/p>\n<p>Oczywi\u015bcie, wp\u0142yw na to ma zar\u00f3wno jego jako\u015b\u0107 (bardzo wysoka kaloryczno\u015b\u0107), ale te\u017c koszt pracy. Ceny to jednak tylko jeden z powod\u00f3w le\u017c\u0105cych milion\u00f3w ton.<\/p>\n<p>Rz\u0105d coraz mocniej stawia na \u017ar\u00f3d\u0142a energii odnawialnej. W ten spos\u00f3b w\u0119giel nie jest wykorzystywany. Jeszcze w 2017 i 2018 roku mieli\u015bmy problem z niedoborem tego surowca. Teraz sytuacja jest diametralnie r\u00f3\u017cna. Wygl\u0105da na to, \u017ce je\u017celi nie podejmiemy krok\u00f3w, to wydobycie b\u0119dzie kompletnie niewsp\u00f3\u0142mierne do korzy\u015bci ekonomicznych.<\/p>\n<h2>Jak straci na tym transport?<\/h2>\n<p>Transport i w\u0119giel to zale\u017cno\u015bci. Np. polska kolej mocno bazuje na transporcie w\u0119gla. Je\u017celi wydobycie surowca zacznie by\u0107 w Polsce nieop\u0142acalne, to kolejni przedsi\u0119biorcy strac\u0105 sta\u0142ych i przewidywalnych klient\u00f3w.<\/p>\n<p>Tu mog\u0105 straci\u0107 wszyscy. Odbiorcy s\u0105 potrzebni zar\u00f3wno w przewozie kolejowym jak i samochodowym i morskim. Konieczne jest szukanie rozwi\u0105za\u0144 problem\u00f3w z w\u0119glem, bo w ko\u0144cu zakopiemy si\u0119 pod ha\u0142dami surowca zwanego niegdy\u015b czarnym z\u0142otem.<\/p>\n<p>Jest jednak szansa na to, \u017ceby w\u0119giel zn\u00f3w by\u0142 wa\u017cny dla polskiego<a href=\"https:\/\/www.seaoo.com\/blog\/gruzja-i-ukraina-ulatwiaja-transport-euroazjatycki\/\"> transportu.<\/a> Tylko jak tego dokona\u0107?<\/p>\n<h2>Konieczne s\u0105 zmiany<\/h2>\n<p>Potrzebne s\u0105 zdecydowane ruchy, kt\u00f3re naprawi\u0105 koniunktur\u0119. Na pocz\u0105tku trzeba zrezygnowa\u0107 z windowania cen. Te by\u0142y dyktowane przez g\u00f3rnicze zwi\u0105zki, ale jak wida\u0107 \u2013 do niczego to nie doprowadzi\u0142o. Nie jeste\u015bmy konkurencyjni, a pracownicy kopal\u0144 powinni zobaczy\u0107, \u017ce windowanie stawek mo\u017ce doprowadzi\u0107 do ko\u0144ca wydobycia w kraju.<\/p>\n<p>Po obni\u017conych stawkach nale\u017cy poszuka\u0107 zagranicznych kontrahent\u00f3w. Jest wiele <a href=\"https:\/\/www.seaoo.com\/blog\/chiny-znow-beda-handlowac-z-usa\/\">kraj\u00f3w<\/a>, kt\u00f3re by\u0142yby ch\u0119tne na wysokiej klasy polski w\u0119giel po ni\u017cszych cenach.<\/p>\n<p>I tu pojawia si\u0119 szansa dla transportu. Zagraniczne zapotrzebowanie na w\u0119giel przyczyni\u0142oby si\u0119 do rozwoju polskich przedsi\u0119biorc\u00f3w. Ci na pewno zyskaliby nowych kontrahent\u00f3w i kolejne rynki eksploatacji us\u0142ug. Znikn\u0119\u0142yby zar\u00f3wno same ha\u0142dy, jak i zwi\u0119kszy\u0142oby si\u0119 wydobycie. Czy to utopia? By\u0107 mo\u017ce, ale je\u017celi szybko nie znajdziemy leku na obecn\u0105 sytuacj\u0119, to zostaniemy sami z czarnymi g\u00f3rami w\u0119gla w kraju.<\/p>\n","protected":false},"excerpt":{"rendered":"<p>Takich ha\u0142d w\u0119glowych nie by\u0142o u nas nigdy. Problemem s\u0105 zar\u00f3wno ceny (w\u0119giel jest u nas du\u017co dro\u017cszy ni\u017c nawet na zachodzie) jak i kolejne inwestycje w odnawialne \u017ar\u00f3d\u0142a energii. Rykoszetem dostanie oczywi\u015bcie te\u017c transport.<\/p>\n","protected":false},"author":9,"featured_media":22950,"comment_status":"closed","ping_status":"closed","sticky":false,"template":"","format":"standard","meta":{"_bbp_topic_count":0,"_bbp_reply_count":0,"_bbp_total_topic_count":0,"_bbp_total_reply_count":0,"_bbp_voice_count":0,"_bbp_anonymous_reply_count":0,"_bbp_topic_count_hidden":0,"_bbp_reply_count_hidden":0,"_bbp_forum_subforum_count":0,"footnotes":""},"categories":[149],"tags":[6102,5785,25,33],"class_list":["post-22942","post","type-post","status-publish","format-standard","has-post-thumbnail","hentry","category-z-kraju","tag-drogowy","tag-kolejowy","tag-morski","tag-transport-2"],"_wp_page_template":null,"_publicize_pending":null,"publicize_twitter_user":null,"_wpas_done_4647298":null,"_publicize_done_external":null,"_wpas_skip_4647132":null,"_wpas_skip_4647298":null,"_wp_attached_file":null,"_wp_attachment_metadata":null,"publicize_facebook_url":null,"publicize_twitter_url":null,"_wpas_mess":null,"_wpas_done_4647132":null,"_menu_item_type":null,"_menu_item_menu_item_parent":null,"_menu_item_object_id":null,"_menu_item_object":null,"_menu_item_target":null,"_menu_item_classes":null,"_menu_item_xfn":null,"_menu_item_url":null,"_ht_post_sidebar":null,"_ht_post_view_single":null,"_ht_pf_gallery_post_title":null,"_ht_pf_gallery_post_excerpt":null,"_ht_pf_image_post_title":null,"_ht_pf_image_post_excerpt":null,"_ht_pf_video_post_title":null,"_ht_pf_video_post_excerpt":null,"_ht_pf_audio_post_title":null,"_ht_pf_audio_post_excerpt":null,"_ht_pf_quote_post_title":null,"_ht_pf_quote_post_excerpt":null,"_ht_pf_link_post_title":null,"_ht_pf_link_post_excerpt":null,"_ht_pf_status_post_title":null,"_ht_pf_status_post_excerpt":null,"_ht_pf_chat_post_title":null,"_ht_pf_chat_post_excerpt":null,"_thumbnail_id":"22950","_ht_page_sidebar":null,"_yoast_wpseo_metadesc":"W\u0119giel zalega w Polsce na ogromnych ha\u0142dach. Jest to spora strata r\u00f3wnie\u017c dla transportu. Jak wyj\u015b\u0107 z tej patowej sytuacji?","_yoast_wpseo_title":null,"snap_MYURL":"","snapEdIT":"1","_oembed_40f0523be0a7cccf82a74e2f32216081":null,"_wp_attachment_image_alt":null,"_ht_pf_chat_transcript":null,"_wp_attachment_context":null,"_wp_attachment_is_custom_background":null,"vw_page_sidebar_position":null,"vw_page_sidebar":null,"_oembed_9ed160af28102b6bdd391f41932dcc1e":null,"_oembed_a152c1b5cf649707d71c4dc1e001ab46":null,"_oembed_96052fc1555c5ff28552dcab1f093f93":null,"_oembed_04617823c1cd81d8e270b89858c3c976":null,"pricing-portal":"seaoo","pricing-direction":"import","pricing-display":null,"pricing-loc-seaoo-from":"GBABD","pricing-loc-seaoo-to":"GBABD","pricing-loc-airoo-from":"GBABZ","pricing-loc-airoo-to":"GBABZ","_oembed_5826bee7bef20410a694d40ce147eef9":null,"_oembed_cb5ff4df5c58b863a22d717f61ae2222":null,"vw_review_average_score":null,"_oembed_22941a9ba18bf216b8e799dc7448b799":null,"_oembed_31d7ad9924683d0ff76869709112302a":null,"_wp_attachment_backup_sizes":null,"_oembed_fe7201a85d41d1efe41e3c08d343bfab":null,"_yoast_wpseo_primary_category":"149","notification_id":null,"dismissable":null,"location":null,"plugins":null,"theme":null,"version":null,"viewed":null,"expiration":null,"plans":null,"_wp_old_date":null,"_oembed_fafe56e0b77285f5fcbedc7b62efa776":null,"_oembed_time_fafe56e0b77285f5fcbedc7b62efa776":null,"_oembed_d5120d5da509e3a3d1457419a46a5798":null,"_oembed_time_d5120d5da509e3a3d1457419a46a5798":null,"_oembed_8be25414c9757d6d1a5031853cf9edc6":null,"_oembed_time_8be25414c9757d6d1a5031853cf9edc6":null,"_oembed_e3a222bedb373e3cbf93463247d41816":null,"_oembed_time_e3a222bedb373e3cbf93463247d41816":null,"_oembed_d2b84c4ea49ad59327a86d82d2fae4eb":null,"_oembed_time_d2b84c4ea49ad59327a86d82d2fae4eb":null,"_oembed_7960862450f372b9a46e65a320186142":null,"_oembed_time_7960862450f372b9a46e65a320186142":null,"_oembed_394fa6bf4c2c108194ccf0c1290af63c":null,"_oembed_time_394fa6bf4c2c108194ccf0c1290af63c":null,"_oembed_9f5b0f4967f26614958b90617a0744a9":null,"_oembed_time_9f5b0f4967f26614958b90617a0744a9":null,"_oembed_75876e4b052b61efd46ec06cea5979f6":null,"_oembed_time_75876e4b052b61efd46ec06cea5979f6":null,"_oembed_bb243f28bfeccdf6f6ec824596c9dbf1":null,"_oembed_time_bb243f28bfeccdf6f6ec824596c9dbf1":null,"_oembed_3369660868a071a94e0d2b99f83b80e0":null,"_oembed_time_3369660868a071a94e0d2b99f83b80e0":null,"_oembed_8e721a0b9beb9d6b6d38f4022c7d676e":null,"_oembed_time_8e721a0b9beb9d6b6d38f4022c7d676e":null,"_yoast_wpseo_keywordsynonyms":null,"_wp_attachment_wp_user_avatar":null,"_yst_prominent_words_version":null,"_wp_to_buffer_error":null,"snap_isAutoPosted":"1574660961","_snap_forceSURL":"2","snapGMB":"a:1:{i:0;a:18:{s:2:\"do\";s:1:\"1\";s:9:\"msgFormat\";s:10:\"%ANNOUNCE%\";s:8:\"postType\";s:1:\"A\";s:7:\"btnType\";s:10:\"LEARN_MORE\";s:10:\"eTtlFormat\";s:7:\"%TITLE%\";s:8:\"evStDate\";s:26:\"November 19, 2019, 5:58 am\";s:9:\"evEndDate\";s:26:\"November 20, 2019, 5:48 am\";s:8:\"ebtnType\";s:1:\"X\";s:9:\"isAutoImg\";s:1:\"A\";s:8:\"imgToUse\";s:0:\"\";s:9:\"isAutoURL\";s:1:\"A\";s:8:\"urlToUse\";s:0:\"\";s:9:\"timeToRun\";s:1:\"i\";s:5:\"doGMB\";i:0;s:8:\"isPosted\";s:1:\"1\";s:4:\"pgID\";s:19:\"6760115401155697508\";s:7:\"postURL\";s:90:\"https:\/\/local.google.com\/place?id=11506515482142656752&use=posts&lpsid=6760115401155697508\";s:5:\"pDate\";s:19:\"2019-11-25 05:50:29\";}}","snapFB":"a:1:{i:0;a:13:{s:2:\"do\";s:1:\"1\";s:9:\"msgFormat\";s:40:\"%ANNOUNCE%\r\nPrzeczytaj wi\u0119cej na: %URL%\";s:8:\"postType\";s:1:\"A\";s:9:\"isAutoImg\";s:1:\"A\";s:8:\"imgToUse\";s:0:\"\";s:9:\"isAutoURL\";s:1:\"A\";s:8:\"urlToUse\";s:0:\"\";s:9:\"timeToRun\";s:1:\"i\";s:4:\"doFB\";i:0;s:8:\"isPosted\";s:1:\"1\";s:4:\"pgID\";s:16:\"1168986163300816\";s:7:\"postURL\";s:85:\"https:\/\/www.facebook.com\/permalink.php?story_fbid=1168986163300816&id=147598825439560\";s:5:\"pDate\";s:19:\"2019-11-25 05:50:05\";}}","snapIG":"a:1:{i:0;a:13:{s:2:\"do\";s:1:\"1\";s:9:\"msgFormat\";s:54:\"%ANNOUNCE%\r\n\r\nPrzeczytaj wi\u0119cej na: %URL%\r\n\r\n %HTAGS%\";s:3:\"loc\";s:0:\"\";s:9:\"isAutoImg\";s:1:\"A\";s:8:\"imgToUse\";s:0:\"\";s:9:\"isAutoURL\";s:1:\"A\";s:8:\"urlToUse\";s:0:\"\";s:9:\"timeToRun\";s:1:\"i\";s:4:\"doIG\";i:0;s:8:\"isPosted\";s:1:\"1\";s:4:\"pgID\";s:11:\"B5RvxryJJ3l\";s:7:\"postURL\";s:39:\"https:\/\/www.instagram.com\/p\/B5RvxryJJ3l\";s:5:\"pDate\";s:19:\"2019-11-25 05:50:20\";}}","snapPN":"a:1:{i:0;a:13:{s:2:\"do\";s:1:\"1\";s:9:\"msgFormat\";s:10:\"%ANNOUNCE%\";s:7:\"pnBoard\";s:18:\"667729150941076921\";s:9:\"isAutoImg\";s:1:\"A\";s:8:\"imgToUse\";s:0:\"\";s:9:\"isAutoURL\";s:1:\"A\";s:8:\"urlToUse\";s:0:\"\";s:9:\"timeToRun\";s:1:\"i\";s:4:\"doPN\";i:0;s:8:\"isPosted\";s:1:\"1\";s:4:\"pgID\";s:18:\"667729082236876068\";s:7:\"postURL\";s:47:\"https:\/\/pl.pinterest.com\/pin\/667729082236876068\";s:5:\"pDate\";s:19:\"2019-11-25 05:50:07\";}}","snapLI":"a:1:{i:0;a:9:{s:2:\"do\";s:1:\"1\";s:9:\"msgFormat\";s:40:\"%ANNOUNCE%\r\nPrzeczytaj wi\u0119cej na: %URL%\";s:8:\"postType\";s:1:\"I\";s:9:\"isAutoImg\";s:1:\"A\";s:8:\"imgToUse\";s:0:\"\";s:9:\"isAutoURL\";s:1:\"A\";s:8:\"urlToUse\";s:0:\"\";s:9:\"timeToRun\";s:1:\"i\";s:4:\"doLI\";i:0;}}","classic-editor-remember":null,"_gtm_vars":[],"wp-smpro-smush-data":null,"wp-smush-lossy":null,"wp-smush-pngjpg_savings":null,"wp-smush-resize_savings":null,"_handles":null,"_handle_urls":null,"_handle_versions":null,"_extra":null,"_args":null,"_type":null,"_dont_minify":null,"_dont_combine":null,"_dont_enqueue":null,"_defer":null,"_inline":null,"_handle_dependencies":null,"_handle_original_sizes":null,"_handle_compressed_sizes":null,"_hash":null,"_file_id":null,"_url":null,"_path":null,"_expires":null,"_snapPHST":{"tw":[[{"l":"https:\/\/twitter.com\/seaoo_com\/status\/1198841198896721920","id":"1198841198896721920","d":"2019-11-25 05:49:50","w":"s"}]],"fb":[[{"l":"https:\/\/www.facebook.com\/permalink.php?story_fbid=1168986163300816&id=147598825439560","id":"1168986163300816","d":"2019-11-25 05:50:05","w":"s"}]],"pn":[[{"l":"https:\/\/pl.pinterest.com\/pin\/667729082236876068","id":"667729082236876068","d":"2019-11-25 05:50:07","w":"s"}]],"ig":[[{"l":"https:\/\/www.instagram.com\/p\/B5RvxryJJ3l","id":"B5RvxryJJ3l","d":"2019-11-25 05:50:20","w":"s"}]],"gmb":[[{"l":"https:\/\/local.google.com\/place?id=11506515482142656752&use=posts&lpsid=6760115401155697508","id":"6760115401155697508","d":"2019-11-25 05:50:29","w":"s"}]]},"snapTW":"a:1:{i:0;a:13:{s:2:\"do\";s:1:\"1\";s:9:\"msgFormat\";s:29:\"%TITLE%\r\nPrzeczytaj na: %URL%\";s:8:\"attchImg\";s:1:\"1\";s:9:\"isAutoImg\";s:1:\"A\";s:8:\"imgToUse\";s:0:\"\";s:9:\"isAutoURL\";s:1:\"A\";s:8:\"urlToUse\";s:0:\"\";s:9:\"timeToRun\";s:1:\"i\";s:4:\"doTW\";i:0;s:8:\"isPosted\";s:1:\"1\";s:4:\"pgID\";s:19:\"1198841198896721920\";s:7:\"postURL\";s:56:\"https:\/\/twitter.com\/seaoo_com\/status\/1198841198896721920\";s:5:\"pDate\";s:19:\"2019-11-25 05:49:50\";}}","_nxs_slinks":null,"_edit_lock":"1578572573:19","_edit_last":"19","authorsure_include_css":null,"authorsure_hide_author_box":null,"_yoast_wpseo_linkdex":"78","_yoast_wpseo_focuskw":"W\u0119giel","_wp_old_slug":null,"vw_post_featured":"0","vw_post_layout":"classic","vw_enable_review":"0","ks_metadata":null,"_yoast_wpseo_focuskw_text_input":null,"_yoast_wpseo_content_score":"90","_yoast_wpseo_focuskeywords":null,"vw_sidebar_position":"default","_vw_sidebar_position":"field_58ea588e19086","vw_sidebar":"blog-sidebar","_vw_sidebar":"field_58ea58b719087","_vw_post_featured":"field_57bac52e59c3d","vw_tagline":"","_vw_tagline":"field_57bac51c59c3c","_vw_post_layout":"field_57d7d0ef2aa96","_vw_enable_review":"field_57f75ea435727","composer_blocks_0_number":null,"_composer_blocks_0_number":null,"composer_blocks_0_categories":null,"_composer_blocks_0_categories":null,"composer_blocks_0_exclude_categories":null,"_composer_blocks_0_exclude_categories":null,"composer_blocks_0_posts_order":null,"_composer_blocks_0_posts_order":null,"composer_blocks_0_layout":null,"_composer_blocks_0_layout":null,"composer_blocks_1_supertitle":null,"_composer_blocks_1_supertitle":null,"composer_blocks_1_title":null,"_composer_blocks_1_title":null,"composer_blocks_1_subtitle":null,"_composer_blocks_1_subtitle":null,"composer_blocks_1_lead_layout":null,"_composer_blocks_1_lead_layout":null,"composer_blocks_1_layout":null,"_composer_blocks_1_layout":null,"composer_blocks_1_number":null,"_composer_blocks_1_number":null,"composer_blocks_1_offset":null,"_composer_blocks_1_offset":null,"composer_blocks_1_categories":null,"_composer_blocks_1_categories":null,"composer_blocks_1_exclude_categories":null,"_composer_blocks_1_exclude_categories":null,"composer_blocks_1_posts_order":null,"_composer_blocks_1_posts_order":null,"composer_blocks_1_pagination":null,"_composer_blocks_1_pagination":null,"composer_blocks_1_sidebar":null,"_composer_blocks_1_sidebar":null,"composer_blocks":null,"_composer_blocks":null,"composer_blocks_2_number":null,"_composer_blocks_2_number":null,"composer_blocks_2_categories":null,"_composer_blocks_2_categories":null,"composer_blocks_2_exclude_categories":null,"_composer_blocks_2_exclude_categories":null,"composer_blocks_2_posts_order":null,"_composer_blocks_2_posts_order":null,"composer_blocks_2_layout":null,"_composer_blocks_2_layout":null,"yoast_head":"<!-- This site is optimized with the Yoast SEO plugin v26.5 - https:\/\/yoast.com\/wordpress\/plugins\/seo\/ -->\n<title>W\u0119giel w Polsce zalega \u2013 problem dla transportu - \u2705 Seaoo.com | Blog<\/title>\n<meta name=\"description\" content=\"W\u0119giel zalega w Polsce na ogromnych ha\u0142dach. Jest to spora strata r\u00f3wnie\u017c dla transportu. Jak wyj\u015b\u0107 z tej patowej sytuacji?\" \/>\n<meta name=\"robots\" content=\"index, follow, max-snippet:-1, max-image-preview:large, max-video-preview:-1\" \/>\n<link rel=\"canonical\" href=\"https:\/\/www.seaoo.com\/blog\/wegiel-w-polsce-zalega-problem-dla-transportu\/\" \/>\n<meta property=\"og:locale\" content=\"pl_PL\" \/>\n<meta property=\"og:type\" content=\"article\" \/>\n<meta property=\"og:title\" content=\"W\u0119giel w Polsce zalega \u2013 problem dla transportu - \u2705 Seaoo.com | Blog\" \/>\n<meta property=\"og:description\" content=\"W\u0119giel zalega w Polsce na ogromnych ha\u0142dach. Jest to spora strata r\u00f3wnie\u017c dla transportu. Jak wyj\u015b\u0107 z tej patowej sytuacji?\" \/>\n<meta property=\"og:url\" content=\"https:\/\/www.seaoo.com\/blog\/wegiel-w-polsce-zalega-problem-dla-transportu\/\" \/>\n<meta property=\"og:site_name\" content=\"\u2705 Seaoo.com | Blog\" \/>\n<meta property=\"article:published_time\" content=\"2019-11-25T05:48:49+00:00\" \/>\n<meta property=\"article:modified_time\" content=\"2020-01-09T12:25:06+00:00\" \/>\n<meta property=\"og:image\" content=\"https:\/\/www.seaoo.com\/blog\/wp-content\/uploads\/2019\/11\/blog_1198.jpg\" \/>\n\t<meta property=\"og:image:width\" content=\"1200\" \/>\n\t<meta property=\"og:image:height\" content=\"750\" \/>\n\t<meta property=\"og:image:type\" content=\"image\/jpeg\" \/>\n<meta name=\"author\" content=\"Marcin Lewicki\" \/>\n<meta name=\"twitter:card\" content=\"summary_large_image\" \/>\n<meta name=\"twitter:creator\" content=\"@seaoocom\" \/>\n<meta name=\"twitter:site\" content=\"@seaoocom\" \/>\n<meta name=\"twitter:label1\" content=\"Napisane przez\" \/>\n\t<meta name=\"twitter:data1\" content=\"Marcin Lewicki\" \/>\n\t<meta name=\"twitter:label2\" content=\"Szacowany czas czytania\" \/>\n\t<meta name=\"twitter:data2\" content=\"3 minuty\" \/>\n<script type=\"application\/ld+json\" class=\"yoast-schema-graph\">{\"@context\":\"https:\/\/schema.org\",\"@graph\":[{\"@type\":\"WebPage\",\"@id\":\"https:\/\/www.seaoo.com\/blog\/wegiel-w-polsce-zalega-problem-dla-transportu\/\",\"url\":\"https:\/\/www.seaoo.com\/blog\/wegiel-w-polsce-zalega-problem-dla-transportu\/\",\"name\":\"W\u0119giel w Polsce zalega \u2013 problem dla transportu - \u2705 Seaoo.com | Blog\",\"isPartOf\":{\"@id\":\"https:\/\/www.seaoo.com\/blog\/#website\"},\"primaryImageOfPage\":{\"@id\":\"https:\/\/www.seaoo.com\/blog\/wegiel-w-polsce-zalega-problem-dla-transportu\/#primaryimage\"},\"image\":{\"@id\":\"https:\/\/www.seaoo.com\/blog\/wegiel-w-polsce-zalega-problem-dla-transportu\/#primaryimage\"},\"thumbnailUrl\":\"https:\/\/www.seaoo.com\/blog\/wp-content\/uploads\/2019\/11\/blog_1198.jpg\",\"datePublished\":\"2019-11-25T05:48:49+00:00\",\"dateModified\":\"2020-01-09T12:25:06+00:00\",\"author\":{\"@id\":\"https:\/\/www.seaoo.com\/blog\/#\/schema\/person\/26badc2f57702ae75b8266301a1d1fd1\"},\"description\":\"W\u0119giel zalega w Polsce na ogromnych ha\u0142dach. Jest to spora strata r\u00f3wnie\u017c dla transportu. Jak wyj\u015b\u0107 z tej patowej sytuacji?\",\"breadcrumb\":{\"@id\":\"https:\/\/www.seaoo.com\/blog\/wegiel-w-polsce-zalega-problem-dla-transportu\/#breadcrumb\"},\"inLanguage\":\"pl-PL\",\"potentialAction\":[{\"@type\":\"ReadAction\",\"target\":[\"https:\/\/www.seaoo.com\/blog\/wegiel-w-polsce-zalega-problem-dla-transportu\/\"]}]},{\"@type\":\"ImageObject\",\"inLanguage\":\"pl-PL\",\"@id\":\"https:\/\/www.seaoo.com\/blog\/wegiel-w-polsce-zalega-problem-dla-transportu\/#primaryimage\",\"url\":\"https:\/\/www.seaoo.com\/blog\/wp-content\/uploads\/2019\/11\/blog_1198.jpg\",\"contentUrl\":\"https:\/\/www.seaoo.com\/blog\/wp-content\/uploads\/2019\/11\/blog_1198.jpg\",\"width\":1200,\"height\":750,\"caption\":\"W\u0119giel\"},{\"@type\":\"BreadcrumbList\",\"@id\":\"https:\/\/www.seaoo.com\/blog\/wegiel-w-polsce-zalega-problem-dla-transportu\/#breadcrumb\",\"itemListElement\":[{\"@type\":\"ListItem\",\"position\":1,\"name\":\"Strona g\u0142\u00f3wna\",\"item\":\"https:\/\/www.seaoo.com\/blog\/\"},{\"@type\":\"ListItem\",\"position\":2,\"name\":\"W\u0119giel w Polsce zalega \u2013 problem dla transportu\"}]},{\"@type\":\"WebSite\",\"@id\":\"https:\/\/www.seaoo.com\/blog\/#website\",\"url\":\"https:\/\/www.seaoo.com\/blog\/\",\"name\":\"Seaoo.com | Blog\",\"description\":\"Blog - Transport morski, lotniczy, spedycja\",\"potentialAction\":[{\"@type\":\"SearchAction\",\"target\":{\"@type\":\"EntryPoint\",\"urlTemplate\":\"https:\/\/www.seaoo.com\/blog\/?s={search_term_string}\"},\"query-input\":{\"@type\":\"PropertyValueSpecification\",\"valueRequired\":true,\"valueName\":\"search_term_string\"}}],\"inLanguage\":\"pl-PL\"},{\"@type\":\"Person\",\"@id\":\"https:\/\/www.seaoo.com\/blog\/#\/schema\/person\/26badc2f57702ae75b8266301a1d1fd1\",\"name\":\"Marcin Lewicki\",\"image\":{\"@type\":\"ImageObject\",\"inLanguage\":\"pl-PL\",\"@id\":\"https:\/\/www.seaoo.com\/blog\/#\/schema\/person\/image\/\",\"url\":\"https:\/\/www.seaoo.com\/blog\/wp-content\/uploads\/2018\/06\/Redaktor_Lewicki-150x150.jpg\",\"contentUrl\":\"https:\/\/www.seaoo.com\/blog\/wp-content\/uploads\/2018\/06\/Redaktor_Lewicki-150x150.jpg\",\"caption\":\"Marcin Lewicki\"},\"description\":\"Zapalony podr\u00f3\u017cnik, uwa\u017cny obserwator rynku spedycyjnego i dzia\u0142a\u0144 zwi\u0105zanych z logistyk\u0105. Dziennikarz i marketingowiec z zawodu i powo\u0142ania. By\u0142y reporter Radia Zet, oraz toru\u0144skiego Radia GRA. Absolwent Uniwersytetu Miko\u0142aja Kopernika w Toruniu. Od urodzenia mieszkaniec Grodu Kopernika, o kt\u00f3rym wie absolutnie wszystko. Prywatnie fan sportu, motoryzacji i pierog\u00f3w ruskich.\",\"url\":\"https:\/\/www.seaoo.com\/blog\/author\/marcinlewicki\/\"}]}<\/script>\n<!-- \/ Yoast SEO plugin. -->","yoast_head_json":{"title":"W\u0119giel w Polsce zalega \u2013 problem dla transportu - \u2705 Seaoo.com | Blog","description":"W\u0119giel zalega w Polsce na ogromnych ha\u0142dach. Jest to spora strata r\u00f3wnie\u017c dla transportu. Jak wyj\u015b\u0107 z tej patowej sytuacji?","robots":{"index":"index","follow":"follow","max-snippet":"max-snippet:-1","max-image-preview":"max-image-preview:large","max-video-preview":"max-video-preview:-1"},"canonical":"https:\/\/www.seaoo.com\/blog\/wegiel-w-polsce-zalega-problem-dla-transportu\/","og_locale":"pl_PL","og_type":"article","og_title":"W\u0119giel w Polsce zalega \u2013 problem dla transportu - \u2705 Seaoo.com | Blog","og_description":"W\u0119giel zalega w Polsce na ogromnych ha\u0142dach. Jest to spora strata r\u00f3wnie\u017c dla transportu. Jak wyj\u015b\u0107 z tej patowej sytuacji?","og_url":"https:\/\/www.seaoo.com\/blog\/wegiel-w-polsce-zalega-problem-dla-transportu\/","og_site_name":"\u2705 Seaoo.com | Blog","article_published_time":"2019-11-25T05:48:49+00:00","article_modified_time":"2020-01-09T12:25:06+00:00","og_image":[{"width":1200,"height":750,"url":"https:\/\/www.seaoo.com\/blog\/wp-content\/uploads\/2019\/11\/blog_1198.jpg","type":"image\/jpeg"}],"author":"Marcin Lewicki","twitter_card":"summary_large_image","twitter_creator":"@seaoocom","twitter_site":"@seaoocom","twitter_misc":{"Napisane przez":"Marcin Lewicki","Szacowany czas czytania":"3 minuty"},"schema":{"@context":"https:\/\/schema.org","@graph":[{"@type":"WebPage","@id":"https:\/\/www.seaoo.com\/blog\/wegiel-w-polsce-zalega-problem-dla-transportu\/","url":"https:\/\/www.seaoo.com\/blog\/wegiel-w-polsce-zalega-problem-dla-transportu\/","name":"W\u0119giel w Polsce zalega \u2013 problem dla transportu - \u2705 Seaoo.com | Blog","isPartOf":{"@id":"https:\/\/www.seaoo.com\/blog\/#website"},"primaryImageOfPage":{"@id":"https:\/\/www.seaoo.com\/blog\/wegiel-w-polsce-zalega-problem-dla-transportu\/#primaryimage"},"image":{"@id":"https:\/\/www.seaoo.com\/blog\/wegiel-w-polsce-zalega-problem-dla-transportu\/#primaryimage"},"thumbnailUrl":"https:\/\/www.seaoo.com\/blog\/wp-content\/uploads\/2019\/11\/blog_1198.jpg","datePublished":"2019-11-25T05:48:49+00:00","dateModified":"2020-01-09T12:25:06+00:00","author":{"@id":"https:\/\/www.seaoo.com\/blog\/#\/schema\/person\/26badc2f57702ae75b8266301a1d1fd1"},"description":"W\u0119giel zalega w Polsce na ogromnych ha\u0142dach. Jest to spora strata r\u00f3wnie\u017c dla transportu. Jak wyj\u015b\u0107 z tej patowej sytuacji?","breadcrumb":{"@id":"https:\/\/www.seaoo.com\/blog\/wegiel-w-polsce-zalega-problem-dla-transportu\/#breadcrumb"},"inLanguage":"pl-PL","potentialAction":[{"@type":"ReadAction","target":["https:\/\/www.seaoo.com\/blog\/wegiel-w-polsce-zalega-problem-dla-transportu\/"]}]},{"@type":"ImageObject","inLanguage":"pl-PL","@id":"https:\/\/www.seaoo.com\/blog\/wegiel-w-polsce-zalega-problem-dla-transportu\/#primaryimage","url":"https:\/\/www.seaoo.com\/blog\/wp-content\/uploads\/2019\/11\/blog_1198.jpg","contentUrl":"https:\/\/www.seaoo.com\/blog\/wp-content\/uploads\/2019\/11\/blog_1198.jpg","width":1200,"height":750,"caption":"W\u0119giel"},{"@type":"BreadcrumbList","@id":"https:\/\/www.seaoo.com\/blog\/wegiel-w-polsce-zalega-problem-dla-transportu\/#breadcrumb","itemListElement":[{"@type":"ListItem","position":1,"name":"Strona g\u0142\u00f3wna","item":"https:\/\/www.seaoo.com\/blog\/"},{"@type":"ListItem","position":2,"name":"W\u0119giel w Polsce zalega \u2013 problem dla transportu"}]},{"@type":"WebSite","@id":"https:\/\/www.seaoo.com\/blog\/#website","url":"https:\/\/www.seaoo.com\/blog\/","name":"Seaoo.com | Blog","description":"Blog - Transport morski, lotniczy, spedycja","potentialAction":[{"@type":"SearchAction","target":{"@type":"EntryPoint","urlTemplate":"https:\/\/www.seaoo.com\/blog\/?s={search_term_string}"},"query-input":{"@type":"PropertyValueSpecification","valueRequired":true,"valueName":"search_term_string"}}],"inLanguage":"pl-PL"},{"@type":"Person","@id":"https:\/\/www.seaoo.com\/blog\/#\/schema\/person\/26badc2f57702ae75b8266301a1d1fd1","name":"Marcin Lewicki","image":{"@type":"ImageObject","inLanguage":"pl-PL","@id":"https:\/\/www.seaoo.com\/blog\/#\/schema\/person\/image\/","url":"https:\/\/www.seaoo.com\/blog\/wp-content\/uploads\/2018\/06\/Redaktor_Lewicki-150x150.jpg","contentUrl":"https:\/\/www.seaoo.com\/blog\/wp-content\/uploads\/2018\/06\/Redaktor_Lewicki-150x150.jpg","caption":"Marcin Lewicki"},"description":"Zapalony podr\u00f3\u017cnik, uwa\u017cny obserwator rynku spedycyjnego i dzia\u0142a\u0144 zwi\u0105zanych z logistyk\u0105. Dziennikarz i marketingowiec z zawodu i powo\u0142ania. By\u0142y reporter Radia Zet, oraz toru\u0144skiego Radia GRA. Absolwent Uniwersytetu Miko\u0142aja Kopernika w Toruniu. Od urodzenia mieszkaniec Grodu Kopernika, o kt\u00f3rym wie absolutnie wszystko. Prywatnie fan sportu, motoryzacji i pierog\u00f3w ruskich.","url":"https:\/\/www.seaoo.com\/blog\/author\/marcinlewicki\/"}]}},"_links":{"self":[{"href":"https:\/\/www.seaoo.com\/blog\/wp-json\/wp\/v2\/posts\/22942","targetHints":{"allow":["GET"]}}],"collection":[{"href":"https:\/\/www.seaoo.com\/blog\/wp-json\/wp\/v2\/posts"}],"about":[{"href":"https:\/\/www.seaoo.com\/blog\/wp-json\/wp\/v2\/types\/post"}],"author":[{"embeddable":true,"href":"https:\/\/www.seaoo.com\/blog\/wp-json\/wp\/v2\/users\/9"}],"replies":[{"embeddable":true,"href":"https:\/\/www.seaoo.com\/blog\/wp-json\/wp\/v2\/comments?post=22942"}],"version-history":[{"count":3,"href":"https:\/\/www.seaoo.com\/blog\/wp-json\/wp\/v2\/posts\/22942\/revisions"}],"predecessor-version":[{"id":23223,"href":"https:\/\/www.seaoo.com\/blog\/wp-json\/wp\/v2\/posts\/22942\/revisions\/23223"}],"wp:featuredmedia":[{"embeddable":true,"href":"https:\/\/www.seaoo.com\/blog\/wp-json\/wp\/v2\/media\/22950"}],"wp:attachment":[{"href":"https:\/\/www.seaoo.com\/blog\/wp-json\/wp\/v2\/media?parent=22942"}],"wp:term":[{"taxonomy":"category","embeddable":true,"href":"https:\/\/www.seaoo.com\/blog\/wp-json\/wp\/v2\/categories?post=22942"},{"taxonomy":"post_tag","embeddable":true,"href":"https:\/\/www.seaoo.com\/blog\/wp-json\/wp\/v2\/tags?post=22942"}],"curies":[{"name":"wp","href":"https:\/\/api.w.org\/{rel}","templated":true}]}}