{"id":2344,"date":"2015-10-06T12:09:05","date_gmt":"2015-10-06T10:09:05","guid":{"rendered":"https:\/\/www.seaoo.com\/blog\/?p=2344"},"modified":"2020-01-15T11:09:18","modified_gmt":"2020-01-15T10:09:18","slug":"kontenery-na-wisle-nie-widzialem","status":"publish","type":null,"link":"https:\/\/www.seaoo.com\/blog\/kontenery-na-wisle-nie-widzialem\/","title":{"rendered":"Kontenery na Wi\u015ble? Nie widzia\u0142em"},"content":{"rendered":"<p class=\"introduction\">2,5 miliona TEU rocznie pewnego niemieckiego portu i 1, 15 miliona prze\u0142adowanych kontener\u00f3w TEU gda\u0144skiego terminala g\u0142\u0119bokowodnego DCT. Nie, to nie statystyka dla Hamburga, a dla&#8230; Duisburga &#8211; najwi\u0119kszego rzecznego portu na \u015bwiecie. Imponuj\u0105ce, nieprawda\u017c? O ile widok barek na Renie, za\u0142adowanych kontenerami to u naszych zachodnich s\u0105siad\u00f3w chleb powszedni, o tyle ich transport Wis\u0142\u0105 do niedawna trzeba by\u0142o traktowa\u0107 jak sen pijaka.<\/p>\n<p>Gdyby przez kilkadziesi\u0105t ostatnich lat nie zaniedbano utrzymania \u017ceglowno\u015bci kr\u00f3lowej polskich rzek, to &#8211; jak przekonywa\u0142 niedawno Pomorski Urz\u0105d Marsza\u0142kowski &#8211; o 40% podskoczy\u0142yby &#8222;s\u0142upki&#8221; dla prze\u0142adunk\u00f3w kontener\u00f3w.<\/p>\n<p>Gdyby rzeczne nabrze\u017ca wyposa\u017cone by\u0142y w infrastruktur\u0119 prze\u0142adunkow\u0105, np. suwnice, koszt dostarczenia kontenera by\u0142by o 40% ni\u017cszy &#8211; s\u0142ysza\u0142em kiedy\u015b wypowied\u017a jednego z armator\u00f3w, marz\u0105cych o udro\u017cnieniu naszej kochanej Wise\u0142ki.<\/p>\n<p>Gdyby, jak wyliczy\u0142 &#8222;Dziennik Ba\u0142tycki&#8221;, palc\u00f3w w \u017cegludze \u015br\u00f3dl\u0105dowej nie macza\u0142o siedem r\u00f3\u017cnych krajowych instytucji, produkuj\u0105cych czasem wzajemnie sprzeczne przepisy, proces przywracania Wis\u0142y rodzimej gospodarce by\u0142by bardziej zaawansowany.<\/p>\n<p>Gdyby&#8230;.<\/p>\n<p>Fajnie sobie &#8222;pogdyba\u0107&#8221;, ale w tym przypadku z pomoc\u0105 przychodzi Bruksela z jej idee fixe w postaci promowania ekologicznych form transportu, a do takich, opr\u00f3cz kolei, zalicza \u017ceglug\u0119 \u015br\u00f3dl\u0105dow\u0105. Podobno w &#8222;uzdatnienie&#8221; Wis\u0142y do konsystencji wymaganej dla parametr\u00f3w mi\u0119dzynarodowych b\u0119dzie kosztowa\u0142o krocie, ale je\u015bli ma si\u0119 na to z\u0142o\u017cy\u0107 podatnik europejski, to dlaczego nie?<\/p>\n<p>Nic dziwnego zatem, \u017ce w obecnej sytuacji, gdzie pono\u0107 jedynie odcinek Dolnej Wis\u0142y od biedy da si\u0119 nazwa\u0107 \u017ceglownym, polska flota towarowa \u015br\u00f3dl\u0105dowa znajduje si\u0119 w op\u0142akanym stanie. Wed\u0142ug \u00a0analiz Polskiej Izby Spedycji i Logistyki, 80% stanowi tabor pchany, przystosowany do transportu towar\u00f3w masowych\/sypkich. Spo\u015br\u00f3d pozostaj\u0105cych w eksploatacji jednostek, odsetek tych, kt\u00f3re osi\u0105gn\u0119\u0142y wiek normatywny, czyli 21 lat, wynosi a\u017c 90% (!), a barki motorowe i holowane w ca\u0142o\u015bci nadaj\u0105 si\u0119 do z\u0142omowania.<\/p>\n<p>Co prawda w Europie Zachodniej, podobnie jak w Polsce, w strukturze towarowej wci\u0105\u017c dominuj\u0105 \u0142adunki masowe, kruszywa, piasek i \u0142adunki niebezpieczne albo ponadgabarytowe, to obs\u0142uga i transport drobnicy w kontenerach i towar\u00f3w typu ro-ro stanowi ju\u017c 10% og\u00f3\u0142u przewoz\u00f3w w \u017cegludze \u015br\u00f3dl\u0105dowej. I stale ro\u015bnie.<\/p>\n<p>P\u00f3ki co, us\u0142ugi spedycyjne na <a href=\"https:\/\/www.seaoo.com\/\">seaoo.com<\/a> \u015bwiadczymy z pomini\u0119ciem obs\u0142ugi barek kontenerowych. Zapraszamy do kontaktu \ud83d\ude42<\/p>\n<p>Przeczytaj tak\u017ce: <a href=\"https:\/\/www.seaoo.com\/blog\/kontenery-wislane-kroczek-blizej\/\">Kontenery wi\u015blane? Kroczek bli\u017cej<\/a>.<\/p>\n","protected":false},"excerpt":{"rendered":"<p>2,5 miliona TEU rocznie pewnego niemieckiego portu i 1, 15 miliona prze\u0142adowanych kontener\u00f3w TEU gda\u0144skiego terminala g\u0142\u0119bokowodnego DCT. Nie, to nie statystyka dla Hamburga, a dla&#8230; Duisburga &#8211; najwi\u0119kszego rzecznego portu na \u015bwiecie. Imponuj\u0105ce, nieprawda\u017c? O ile widok barek na Renie, za\u0142adowanych kontenerami to u naszych zachodnich s\u0105siad\u00f3w chleb powszedni, o tyle ich transport Wis\u0142\u0105 &#8230;<\/p>\n","protected":false},"author":4,"featured_media":2360,"comment_status":"open","ping_status":"open","sticky":false,"template":"","format":"standard","meta":{"_bbp_topic_count":0,"_bbp_reply_count":0,"_bbp_total_topic_count":0,"_bbp_total_reply_count":0,"_bbp_voice_count":0,"_bbp_anonymous_reply_count":0,"_bbp_topic_count_hidden":0,"_bbp_reply_count_hidden":0,"_bbp_forum_subforum_count":0,"footnotes":""},"categories":[149],"tags":[363,364,365,366],"class_list":["post-2344","post","type-post","status-publish","format-standard","has-post-thumbnail","hentry","category-z-kraju","tag-barki-kontenerowe","tag-duisburg","tag-ren","tag-zeglownosc"],"_wp_page_template":null,"_publicize_pending":null,"publicize_twitter_user":null,"_wpas_done_4647298":null,"_publicize_done_external":null,"_wpas_skip_4647132":null,"_wpas_skip_4647298":null,"_wp_attached_file":null,"_wp_attachment_metadata":null,"publicize_facebook_url":null,"publicize_twitter_url":null,"_wpas_mess":null,"_wpas_done_4647132":null,"_menu_item_type":null,"_menu_item_menu_item_parent":null,"_menu_item_object_id":null,"_menu_item_object":null,"_menu_item_target":null,"_menu_item_classes":null,"_menu_item_xfn":null,"_menu_item_url":null,"_ht_post_sidebar":null,"_ht_post_view_single":null,"_ht_pf_gallery_post_title":null,"_ht_pf_gallery_post_excerpt":null,"_ht_pf_image_post_title":null,"_ht_pf_image_post_excerpt":null,"_ht_pf_video_post_title":null,"_ht_pf_video_post_excerpt":null,"_ht_pf_audio_post_title":null,"_ht_pf_audio_post_excerpt":null,"_ht_pf_quote_post_title":null,"_ht_pf_quote_post_excerpt":null,"_ht_pf_link_post_title":null,"_ht_pf_link_post_excerpt":null,"_ht_pf_status_post_title":null,"_ht_pf_status_post_excerpt":null,"_ht_pf_chat_post_title":null,"_ht_pf_chat_post_excerpt":null,"_thumbnail_id":"2360","_ht_page_sidebar":null,"_yoast_wpseo_metadesc":"O ile widok barek na Renie, wyposa\u017conych w kontenery to w Niemczech chleb powszedni, o tyle ich transport Wis\u0142\u0105 do niedawna traktowano jak sen pijaka","_yoast_wpseo_title":null,"snap_MYURL":null,"snapEdIT":null,"_oembed_40f0523be0a7cccf82a74e2f32216081":null,"_wp_attachment_image_alt":null,"_ht_pf_chat_transcript":null,"_wp_attachment_context":null,"_wp_attachment_is_custom_background":null,"vw_page_sidebar_position":null,"vw_page_sidebar":null,"_oembed_9ed160af28102b6bdd391f41932dcc1e":null,"_oembed_a152c1b5cf649707d71c4dc1e001ab46":null,"_oembed_96052fc1555c5ff28552dcab1f093f93":null,"_oembed_04617823c1cd81d8e270b89858c3c976":null,"pricing-portal":"seaoo","pricing-direction":"import","pricing-display":null,"pricing-loc-seaoo-from":"GBABD","pricing-loc-seaoo-to":"GBABD","pricing-loc-airoo-from":"GBABZ","pricing-loc-airoo-to":"GBABZ","_oembed_5826bee7bef20410a694d40ce147eef9":null,"_oembed_cb5ff4df5c58b863a22d717f61ae2222":null,"vw_review_average_score":null,"_oembed_22941a9ba18bf216b8e799dc7448b799":null,"_oembed_31d7ad9924683d0ff76869709112302a":null,"_wp_attachment_backup_sizes":null,"_oembed_fe7201a85d41d1efe41e3c08d343bfab":null,"_yoast_wpseo_primary_category":"","notification_id":null,"dismissable":null,"location":null,"plugins":null,"theme":null,"version":null,"viewed":null,"expiration":null,"plans":null,"_wp_old_date":null,"_oembed_fafe56e0b77285f5fcbedc7b62efa776":null,"_oembed_time_fafe56e0b77285f5fcbedc7b62efa776":null,"_oembed_d5120d5da509e3a3d1457419a46a5798":null,"_oembed_time_d5120d5da509e3a3d1457419a46a5798":null,"_oembed_8be25414c9757d6d1a5031853cf9edc6":null,"_oembed_time_8be25414c9757d6d1a5031853cf9edc6":null,"_oembed_e3a222bedb373e3cbf93463247d41816":null,"_oembed_time_e3a222bedb373e3cbf93463247d41816":null,"_oembed_d2b84c4ea49ad59327a86d82d2fae4eb":null,"_oembed_time_d2b84c4ea49ad59327a86d82d2fae4eb":null,"_oembed_7960862450f372b9a46e65a320186142":null,"_oembed_time_7960862450f372b9a46e65a320186142":null,"_oembed_394fa6bf4c2c108194ccf0c1290af63c":null,"_oembed_time_394fa6bf4c2c108194ccf0c1290af63c":null,"_oembed_9f5b0f4967f26614958b90617a0744a9":null,"_oembed_time_9f5b0f4967f26614958b90617a0744a9":null,"_oembed_75876e4b052b61efd46ec06cea5979f6":null,"_oembed_time_75876e4b052b61efd46ec06cea5979f6":null,"_oembed_bb243f28bfeccdf6f6ec824596c9dbf1":null,"_oembed_time_bb243f28bfeccdf6f6ec824596c9dbf1":null,"_oembed_3369660868a071a94e0d2b99f83b80e0":null,"_oembed_time_3369660868a071a94e0d2b99f83b80e0":null,"_oembed_8e721a0b9beb9d6b6d38f4022c7d676e":null,"_oembed_time_8e721a0b9beb9d6b6d38f4022c7d676e":null,"_yoast_wpseo_keywordsynonyms":null,"_wp_attachment_wp_user_avatar":null,"_yst_prominent_words_version":null,"_wp_to_buffer_error":null,"snap_isAutoPosted":null,"_snap_forceSURL":null,"snapGMB":null,"snapFB":null,"snapIG":null,"snapPN":null,"snapLI":null,"classic-editor-remember":null,"_gtm_vars":[],"wp-smpro-smush-data":null,"wp-smush-lossy":null,"wp-smush-pngjpg_savings":null,"wp-smush-resize_savings":null,"_handles":null,"_handle_urls":null,"_handle_versions":null,"_extra":null,"_args":null,"_type":null,"_dont_minify":null,"_dont_combine":null,"_dont_enqueue":null,"_defer":null,"_inline":null,"_handle_dependencies":null,"_handle_original_sizes":null,"_handle_compressed_sizes":null,"_hash":null,"_file_id":null,"_url":null,"_path":null,"_expires":null,"_snapPHST":null,"snapTW":null,"_nxs_slinks":null,"_edit_lock":"1579082821:19","_edit_last":"19","authorsure_include_css":null,"authorsure_hide_author_box":null,"_yoast_wpseo_linkdex":"64","_yoast_wpseo_focuskw":"kontenery","_wp_old_slug":null,"vw_post_featured":"0","vw_post_layout":"classic","vw_enable_review":"0","ks_metadata":null,"_yoast_wpseo_focuskw_text_input":null,"_yoast_wpseo_content_score":"30","_yoast_wpseo_focuskeywords":null,"vw_sidebar_position":"default","_vw_sidebar_position":"field_58ea588e19086","vw_sidebar":"blog-sidebar","_vw_sidebar":"field_58ea58b719087","_vw_post_featured":"field_57bac52e59c3d","vw_tagline":"","_vw_tagline":"field_57bac51c59c3c","_vw_post_layout":"field_57d7d0ef2aa96","_vw_enable_review":"field_57f75ea435727","composer_blocks_0_number":null,"_composer_blocks_0_number":null,"composer_blocks_0_categories":null,"_composer_blocks_0_categories":null,"composer_blocks_0_exclude_categories":null,"_composer_blocks_0_exclude_categories":null,"composer_blocks_0_posts_order":null,"_composer_blocks_0_posts_order":null,"composer_blocks_0_layout":null,"_composer_blocks_0_layout":null,"composer_blocks_1_supertitle":null,"_composer_blocks_1_supertitle":null,"composer_blocks_1_title":null,"_composer_blocks_1_title":null,"composer_blocks_1_subtitle":null,"_composer_blocks_1_subtitle":null,"composer_blocks_1_lead_layout":null,"_composer_blocks_1_lead_layout":null,"composer_blocks_1_layout":null,"_composer_blocks_1_layout":null,"composer_blocks_1_number":null,"_composer_blocks_1_number":null,"composer_blocks_1_offset":null,"_composer_blocks_1_offset":null,"composer_blocks_1_categories":null,"_composer_blocks_1_categories":null,"composer_blocks_1_exclude_categories":null,"_composer_blocks_1_exclude_categories":null,"composer_blocks_1_posts_order":null,"_composer_blocks_1_posts_order":null,"composer_blocks_1_pagination":null,"_composer_blocks_1_pagination":null,"composer_blocks_1_sidebar":null,"_composer_blocks_1_sidebar":null,"composer_blocks":null,"_composer_blocks":null,"composer_blocks_2_number":null,"_composer_blocks_2_number":null,"composer_blocks_2_categories":null,"_composer_blocks_2_categories":null,"composer_blocks_2_exclude_categories":null,"_composer_blocks_2_exclude_categories":null,"composer_blocks_2_posts_order":null,"_composer_blocks_2_posts_order":null,"composer_blocks_2_layout":null,"_composer_blocks_2_layout":null,"yoast_head":"<!-- This site is optimized with the Yoast SEO plugin v26.5 - https:\/\/yoast.com\/wordpress\/plugins\/seo\/ -->\n<title>Kontenery na Wi\u015ble? Nie widzia\u0142em - \u2705 Seaoo.com | Blog<\/title>\n<meta name=\"description\" content=\"O ile widok barek na Renie, wyposa\u017conych w kontenery to w Niemczech chleb powszedni, o tyle ich transport Wis\u0142\u0105 do niedawna traktowano jak sen pijaka\" \/>\n<meta name=\"robots\" content=\"index, follow, max-snippet:-1, max-image-preview:large, max-video-preview:-1\" \/>\n<link rel=\"canonical\" href=\"https:\/\/www.seaoo.com\/blog\/kontenery-na-wisle-nie-widzialem\/\" \/>\n<meta property=\"og:locale\" content=\"pl_PL\" \/>\n<meta property=\"og:type\" content=\"article\" \/>\n<meta property=\"og:title\" content=\"Kontenery na Wi\u015ble? Nie widzia\u0142em - \u2705 Seaoo.com | Blog\" \/>\n<meta property=\"og:description\" content=\"O ile widok barek na Renie, wyposa\u017conych w kontenery to w Niemczech chleb powszedni, o tyle ich transport Wis\u0142\u0105 do niedawna traktowano jak sen pijaka\" \/>\n<meta property=\"og:url\" content=\"https:\/\/www.seaoo.com\/blog\/kontenery-na-wisle-nie-widzialem\/\" \/>\n<meta property=\"og:site_name\" content=\"\u2705 Seaoo.com | Blog\" \/>\n<meta property=\"article:published_time\" content=\"2015-10-06T10:09:05+00:00\" \/>\n<meta property=\"article:modified_time\" content=\"2020-01-15T10:09:18+00:00\" \/>\n<meta property=\"og:image\" content=\"https:\/\/www.seaoo.com\/blog\/wp-content\/uploads\/2015\/10\/blog_171_barka.jpg\" \/>\n\t<meta property=\"og:image:width\" content=\"800\" \/>\n\t<meta property=\"og:image:height\" content=\"600\" \/>\n\t<meta property=\"og:image:type\" content=\"image\/jpeg\" \/>\n<meta name=\"author\" content=\"Pawe\u0142 Rogalski\" \/>\n<meta name=\"twitter:card\" content=\"summary_large_image\" \/>\n<meta name=\"twitter:creator\" content=\"@seaoocom\" \/>\n<meta name=\"twitter:site\" content=\"@seaoocom\" \/>\n<meta name=\"twitter:label1\" content=\"Napisane przez\" \/>\n\t<meta name=\"twitter:data1\" content=\"Pawe\u0142 Rogalski\" \/>\n\t<meta name=\"twitter:label2\" content=\"Szacowany czas czytania\" \/>\n\t<meta name=\"twitter:data2\" content=\"2 minuty\" \/>\n<script type=\"application\/ld+json\" class=\"yoast-schema-graph\">{\"@context\":\"https:\/\/schema.org\",\"@graph\":[{\"@type\":\"WebPage\",\"@id\":\"https:\/\/www.seaoo.com\/blog\/kontenery-na-wisle-nie-widzialem\/\",\"url\":\"https:\/\/www.seaoo.com\/blog\/kontenery-na-wisle-nie-widzialem\/\",\"name\":\"Kontenery na Wi\u015ble? Nie widzia\u0142em - \u2705 Seaoo.com | Blog\",\"isPartOf\":{\"@id\":\"https:\/\/www.seaoo.com\/blog\/#website\"},\"primaryImageOfPage\":{\"@id\":\"https:\/\/www.seaoo.com\/blog\/kontenery-na-wisle-nie-widzialem\/#primaryimage\"},\"image\":{\"@id\":\"https:\/\/www.seaoo.com\/blog\/kontenery-na-wisle-nie-widzialem\/#primaryimage\"},\"thumbnailUrl\":\"https:\/\/www.seaoo.com\/blog\/wp-content\/uploads\/2015\/10\/blog_171_barka.jpg\",\"datePublished\":\"2015-10-06T10:09:05+00:00\",\"dateModified\":\"2020-01-15T10:09:18+00:00\",\"author\":{\"@id\":\"https:\/\/www.seaoo.com\/blog\/#\/schema\/person\/59e2e43a3e05c3fb73eeb22e84af69fd\"},\"description\":\"O ile widok barek na Renie, wyposa\u017conych w kontenery to w Niemczech chleb powszedni, o tyle ich transport Wis\u0142\u0105 do niedawna traktowano jak sen pijaka\",\"breadcrumb\":{\"@id\":\"https:\/\/www.seaoo.com\/blog\/kontenery-na-wisle-nie-widzialem\/#breadcrumb\"},\"inLanguage\":\"pl-PL\",\"potentialAction\":[{\"@type\":\"ReadAction\",\"target\":[\"https:\/\/www.seaoo.com\/blog\/kontenery-na-wisle-nie-widzialem\/\"]}]},{\"@type\":\"ImageObject\",\"inLanguage\":\"pl-PL\",\"@id\":\"https:\/\/www.seaoo.com\/blog\/kontenery-na-wisle-nie-widzialem\/#primaryimage\",\"url\":\"https:\/\/www.seaoo.com\/blog\/wp-content\/uploads\/2015\/10\/blog_171_barka.jpg\",\"contentUrl\":\"https:\/\/www.seaoo.com\/blog\/wp-content\/uploads\/2015\/10\/blog_171_barka.jpg\",\"width\":800,\"height\":600,\"caption\":\"Kontenery na Wi\u015ble? Nie widzia\u0142em\"},{\"@type\":\"BreadcrumbList\",\"@id\":\"https:\/\/www.seaoo.com\/blog\/kontenery-na-wisle-nie-widzialem\/#breadcrumb\",\"itemListElement\":[{\"@type\":\"ListItem\",\"position\":1,\"name\":\"Strona g\u0142\u00f3wna\",\"item\":\"https:\/\/www.seaoo.com\/blog\/\"},{\"@type\":\"ListItem\",\"position\":2,\"name\":\"Kontenery na Wi\u015ble? Nie widzia\u0142em\"}]},{\"@type\":\"WebSite\",\"@id\":\"https:\/\/www.seaoo.com\/blog\/#website\",\"url\":\"https:\/\/www.seaoo.com\/blog\/\",\"name\":\"Seaoo.com | Blog\",\"description\":\"Blog - Transport morski, lotniczy, spedycja\",\"potentialAction\":[{\"@type\":\"SearchAction\",\"target\":{\"@type\":\"EntryPoint\",\"urlTemplate\":\"https:\/\/www.seaoo.com\/blog\/?s={search_term_string}\"},\"query-input\":{\"@type\":\"PropertyValueSpecification\",\"valueRequired\":true,\"valueName\":\"search_term_string\"}}],\"inLanguage\":\"pl-PL\"},{\"@type\":\"Person\",\"@id\":\"https:\/\/www.seaoo.com\/blog\/#\/schema\/person\/59e2e43a3e05c3fb73eeb22e84af69fd\",\"name\":\"Pawe\u0142 Rogalski\",\"image\":{\"@type\":\"ImageObject\",\"inLanguage\":\"pl-PL\",\"@id\":\"https:\/\/www.seaoo.com\/blog\/#\/schema\/person\/image\/\",\"url\":\"https:\/\/www.seaoo.com\/blog\/wp-content\/uploads\/2015\/09\/Pawel_Rogalski-150x150.jpg\",\"contentUrl\":\"https:\/\/www.seaoo.com\/blog\/wp-content\/uploads\/2015\/09\/Pawel_Rogalski-150x150.jpg\",\"caption\":\"Pawe\u0142 Rogalski\"},\"description\":\"Pasjonat wszystkiego, co zwi\u0105zane z gospodark\u0105 morsk\u0105, absolwent Uniwersytetu Gda\u0144skiego, dawniej dziennikarz TVP Gda\u0144sk, a ostatnio zwi\u0105zany z sektorem finansowym. Gda\u0144szczanin z urodzenia, ale w r\u00f3wnym stopniu zafascynowany histori\u0105 gdy\u0144skiego portu. Sympatii dla obu miast daje wyraz jako licencjonowany przewodnik wycieczek po Tr\u00f3jmie\u015bcie; mi\u0142o\u015bnik domowego warzenia piwa.\",\"url\":\"https:\/\/www.seaoo.com\/blog\/author\/pawelrogalski\/\"}]}<\/script>\n<!-- \/ Yoast SEO plugin. -->","yoast_head_json":{"title":"Kontenery na Wi\u015ble? Nie widzia\u0142em - \u2705 Seaoo.com | Blog","description":"O ile widok barek na Renie, wyposa\u017conych w kontenery to w Niemczech chleb powszedni, o tyle ich transport Wis\u0142\u0105 do niedawna traktowano jak sen pijaka","robots":{"index":"index","follow":"follow","max-snippet":"max-snippet:-1","max-image-preview":"max-image-preview:large","max-video-preview":"max-video-preview:-1"},"canonical":"https:\/\/www.seaoo.com\/blog\/kontenery-na-wisle-nie-widzialem\/","og_locale":"pl_PL","og_type":"article","og_title":"Kontenery na Wi\u015ble? Nie widzia\u0142em - \u2705 Seaoo.com | Blog","og_description":"O ile widok barek na Renie, wyposa\u017conych w kontenery to w Niemczech chleb powszedni, o tyle ich transport Wis\u0142\u0105 do niedawna traktowano jak sen pijaka","og_url":"https:\/\/www.seaoo.com\/blog\/kontenery-na-wisle-nie-widzialem\/","og_site_name":"\u2705 Seaoo.com | Blog","article_published_time":"2015-10-06T10:09:05+00:00","article_modified_time":"2020-01-15T10:09:18+00:00","og_image":[{"width":800,"height":600,"url":"https:\/\/www.seaoo.com\/blog\/wp-content\/uploads\/2015\/10\/blog_171_barka.jpg","type":"image\/jpeg"}],"author":"Pawe\u0142 Rogalski","twitter_card":"summary_large_image","twitter_creator":"@seaoocom","twitter_site":"@seaoocom","twitter_misc":{"Napisane przez":"Pawe\u0142 Rogalski","Szacowany czas czytania":"2 minuty"},"schema":{"@context":"https:\/\/schema.org","@graph":[{"@type":"WebPage","@id":"https:\/\/www.seaoo.com\/blog\/kontenery-na-wisle-nie-widzialem\/","url":"https:\/\/www.seaoo.com\/blog\/kontenery-na-wisle-nie-widzialem\/","name":"Kontenery na Wi\u015ble? Nie widzia\u0142em - \u2705 Seaoo.com | Blog","isPartOf":{"@id":"https:\/\/www.seaoo.com\/blog\/#website"},"primaryImageOfPage":{"@id":"https:\/\/www.seaoo.com\/blog\/kontenery-na-wisle-nie-widzialem\/#primaryimage"},"image":{"@id":"https:\/\/www.seaoo.com\/blog\/kontenery-na-wisle-nie-widzialem\/#primaryimage"},"thumbnailUrl":"https:\/\/www.seaoo.com\/blog\/wp-content\/uploads\/2015\/10\/blog_171_barka.jpg","datePublished":"2015-10-06T10:09:05+00:00","dateModified":"2020-01-15T10:09:18+00:00","author":{"@id":"https:\/\/www.seaoo.com\/blog\/#\/schema\/person\/59e2e43a3e05c3fb73eeb22e84af69fd"},"description":"O ile widok barek na Renie, wyposa\u017conych w kontenery to w Niemczech chleb powszedni, o tyle ich transport Wis\u0142\u0105 do niedawna traktowano jak sen pijaka","breadcrumb":{"@id":"https:\/\/www.seaoo.com\/blog\/kontenery-na-wisle-nie-widzialem\/#breadcrumb"},"inLanguage":"pl-PL","potentialAction":[{"@type":"ReadAction","target":["https:\/\/www.seaoo.com\/blog\/kontenery-na-wisle-nie-widzialem\/"]}]},{"@type":"ImageObject","inLanguage":"pl-PL","@id":"https:\/\/www.seaoo.com\/blog\/kontenery-na-wisle-nie-widzialem\/#primaryimage","url":"https:\/\/www.seaoo.com\/blog\/wp-content\/uploads\/2015\/10\/blog_171_barka.jpg","contentUrl":"https:\/\/www.seaoo.com\/blog\/wp-content\/uploads\/2015\/10\/blog_171_barka.jpg","width":800,"height":600,"caption":"Kontenery na Wi\u015ble? Nie widzia\u0142em"},{"@type":"BreadcrumbList","@id":"https:\/\/www.seaoo.com\/blog\/kontenery-na-wisle-nie-widzialem\/#breadcrumb","itemListElement":[{"@type":"ListItem","position":1,"name":"Strona g\u0142\u00f3wna","item":"https:\/\/www.seaoo.com\/blog\/"},{"@type":"ListItem","position":2,"name":"Kontenery na Wi\u015ble? Nie widzia\u0142em"}]},{"@type":"WebSite","@id":"https:\/\/www.seaoo.com\/blog\/#website","url":"https:\/\/www.seaoo.com\/blog\/","name":"Seaoo.com | Blog","description":"Blog - Transport morski, lotniczy, spedycja","potentialAction":[{"@type":"SearchAction","target":{"@type":"EntryPoint","urlTemplate":"https:\/\/www.seaoo.com\/blog\/?s={search_term_string}"},"query-input":{"@type":"PropertyValueSpecification","valueRequired":true,"valueName":"search_term_string"}}],"inLanguage":"pl-PL"},{"@type":"Person","@id":"https:\/\/www.seaoo.com\/blog\/#\/schema\/person\/59e2e43a3e05c3fb73eeb22e84af69fd","name":"Pawe\u0142 Rogalski","image":{"@type":"ImageObject","inLanguage":"pl-PL","@id":"https:\/\/www.seaoo.com\/blog\/#\/schema\/person\/image\/","url":"https:\/\/www.seaoo.com\/blog\/wp-content\/uploads\/2015\/09\/Pawel_Rogalski-150x150.jpg","contentUrl":"https:\/\/www.seaoo.com\/blog\/wp-content\/uploads\/2015\/09\/Pawel_Rogalski-150x150.jpg","caption":"Pawe\u0142 Rogalski"},"description":"Pasjonat wszystkiego, co zwi\u0105zane z gospodark\u0105 morsk\u0105, absolwent Uniwersytetu Gda\u0144skiego, dawniej dziennikarz TVP Gda\u0144sk, a ostatnio zwi\u0105zany z sektorem finansowym. Gda\u0144szczanin z urodzenia, ale w r\u00f3wnym stopniu zafascynowany histori\u0105 gdy\u0144skiego portu. Sympatii dla obu miast daje wyraz jako licencjonowany przewodnik wycieczek po Tr\u00f3jmie\u015bcie; mi\u0142o\u015bnik domowego warzenia piwa.","url":"https:\/\/www.seaoo.com\/blog\/author\/pawelrogalski\/"}]}},"_links":{"self":[{"href":"https:\/\/www.seaoo.com\/blog\/wp-json\/wp\/v2\/posts\/2344","targetHints":{"allow":["GET"]}}],"collection":[{"href":"https:\/\/www.seaoo.com\/blog\/wp-json\/wp\/v2\/posts"}],"about":[{"href":"https:\/\/www.seaoo.com\/blog\/wp-json\/wp\/v2\/types\/post"}],"author":[{"embeddable":true,"href":"https:\/\/www.seaoo.com\/blog\/wp-json\/wp\/v2\/users\/4"}],"replies":[{"embeddable":true,"href":"https:\/\/www.seaoo.com\/blog\/wp-json\/wp\/v2\/comments?post=2344"}],"version-history":[{"count":6,"href":"https:\/\/www.seaoo.com\/blog\/wp-json\/wp\/v2\/posts\/2344\/revisions"}],"predecessor-version":[{"id":24240,"href":"https:\/\/www.seaoo.com\/blog\/wp-json\/wp\/v2\/posts\/2344\/revisions\/24240"}],"wp:featuredmedia":[{"embeddable":true,"href":"https:\/\/www.seaoo.com\/blog\/wp-json\/wp\/v2\/media\/2360"}],"wp:attachment":[{"href":"https:\/\/www.seaoo.com\/blog\/wp-json\/wp\/v2\/media?parent=2344"}],"wp:term":[{"taxonomy":"category","embeddable":true,"href":"https:\/\/www.seaoo.com\/blog\/wp-json\/wp\/v2\/categories?post=2344"},{"taxonomy":"post_tag","embeddable":true,"href":"https:\/\/www.seaoo.com\/blog\/wp-json\/wp\/v2\/tags?post=2344"}],"curies":[{"name":"wp","href":"https:\/\/api.w.org\/{rel}","templated":true}]}}