{"id":4083,"date":"2015-12-17T11:47:53","date_gmt":"2015-12-17T10:47:53","guid":{"rendered":"https:\/\/www.seaoo.com\/blog\/?p=4083"},"modified":"2020-01-15T09:38:58","modified_gmt":"2020-01-15T08:38:58","slug":"eksport-suszonych-owocow-i-warzyw","status":"publish","type":null,"link":"https:\/\/www.seaoo.com\/blog\/eksport-suszonych-owocow-i-warzyw\/","title":{"rendered":"Eksport suszonych owoc\u00f3w i warzyw"},"content":{"rendered":"<p class=\"introduction\">Po na\u0142o\u017ceniu przez Rosj\u0119 embarga na niekt\u00f3re polskie produkty, pojawi\u0142 si\u0119 problem, co zrobi\u0107 z nadmiarem warzyw i owoc\u00f3w? Odpowied\u017a jest prosta, to co ka\u017cdy z nas robi w swoim domu, najlepiej przetworzy\u0107. Jedn\u0105 z form, opr\u00f3cz mro\u017conek (<a href=\"https:\/\/www.seaoo.com\/blog\/dobry-czas-na-eksport-mrozonek-do-usa\/\">Dobry czas na eksport mro\u017conek do USA<\/a>) mo\u017ce by\u0107 sprzeda\u017c suszonych warzyw i owoc\u00f3w. W roku 2014 i 2015 zwi\u0119kszy\u0142a si\u0119 ilo\u015b\u0107 eksportu polskich suszonych mieszanek warzywnych wykorzystywanych do produkcji r\u00f3\u017cnych przypraw, zup w proszku oraz sos\u00f3w. W\u015br\u00f3d suszonych warzyw wysy\u0142anych na eksport szczeg\u00f3lnie popularna jest cebula, a tak\u017ce marchew. Najwi\u0119cej suszu warzywnego importuj\u0105 kraje Unii Europejskiej, zw\u0142aszcza Niemcy. Eksport suszonych owoc\u00f3w i warzyw z Polski odbywa si\u0119 r\u00f3wnie\u017c do nowych kraj\u00f3w cz\u0142onkowskich np. Rumunii czy Chorwacji. W\u015br\u00f3d g\u0142\u00f3wnych dostawc\u00f3w (na rynek UE) znajduj\u0105 si\u0119: Chiny, USA, W\u0119gry i Polska.<\/p>\n<p><strong>Eksport suszonych owoc\u00f3w i warzyw pod kontrol\u0105<\/strong><\/p>\n<p>Aby eksport suszonych owoc\u00f3w i warzyw odbywa\u0142 si\u0119 bez przeszk\u00f3d, wymagane jest posiadanie certyfikatu (tak samo jak przy \u015bwie\u017cych). Ka\u017cdy transport produkt\u00f3w rolnych wysy\u0142any poza granic\u0119 Unii Europejskiej, musi zawiera\u0107 \u015bwiadectwo fitosanitarne. Taki dokument potwierdza, \u017ce produkty przesz\u0142y kontrole i s\u0105 wolne od chor\u00f3b oraz szkodnik\u00f3w, spe\u0142niaj\u0105 te\u017c dopuszczalne normy zawarto\u015bci \u015brodk\u00f3w ochrony ro\u015blin, zgodne z wymogami kraju do kt\u00f3rego s\u0105 wysy\u0142ane.<\/p>\n<p><strong>Import suszonych owoc\u00f3w z po\u0142udnia<\/strong><\/p>\n<p>Zimowy czas sprzyja tak\u017ce sprzeda\u017cy suszonych owoc\u00f3w po\u0142udniowych (tzw. bakalii), czyli rodzynek, \u015bliwek, fig, orzech\u00f3w itp. W naszym kraju, coraz cz\u0119\u015bciej wybierane s\u0105 one jako przek\u0105ski na d\u0142ugie zimowe wieczory, znacznie zdrowsze od sma\u017conych chips\u00f3w ziemniaczanych. Bakalie s\u0105 te\u017c niezb\u0119dnym sk\u0142adnikiem wielu \u015bwi\u0105tecznych wypiek\u00f3w i potraw np. kompotu z suszu, klusek z makiem, kutii, makowca, piernika, czy keksa (chocia\u017c akurat ten ostatni pochodzi z W\u0142och, ale popularny jest r\u00f3wnie\u017c u nas). Opr\u00f3cz polskich producent\u00f3w bakalii, du\u017cy potencja\u0142 na polskim rynku widz\u0105 przedstawiciele bran\u017cy \u015bliwek suszonych z Kalifornii. Jak twierdz\u0105, polski rynek jest gotowy przyj\u0105\u0107 jeszcze wi\u0119cej tego produktu, b\u0119d\u0105 wi\u0119c inwestowa\u0107 w promocj\u0119 w naszym kraju.<\/p>\n<p>\u0179r\u00f3d\u0142o:www.sadyogrody.pl\/handel_i_dystrybucja\/106\/nizsze_ceny_eksportowe_warzyw_i_przetworow_warzywnych_w_sezonie_2014_15,244_1.html, www.portalspozywczy.pl\/owoce-warzywa\/wiadomosci\/branza-sliwek-suszonych-z-kalifornii-widzi-wielki-potencjal-polskiego-rynku,118570.html<\/p>\n","protected":false},"excerpt":{"rendered":"<p>Po na\u0142o\u017ceniu przez Rosj\u0119 embarga na niekt\u00f3re polskie produkty, pojawi\u0142 si\u0119 problem, co zrobi\u0107 z nadmiarem warzyw i owoc\u00f3w? Odpowied\u017a jest prosta, to co ka\u017cdy z nas robi w swoim domu, najlepiej przetworzy\u0107. Jedn\u0105 z form, opr\u00f3cz mro\u017conek (Dobry czas na eksport mro\u017conek do USA) mo\u017ce by\u0107 sprzeda\u017c suszonych warzyw i owoc\u00f3w. W roku 2014 &#8230;<\/p>\n","protected":false},"author":3,"featured_media":4132,"comment_status":"open","ping_status":"open","sticky":false,"template":"","format":"standard","meta":{"_bbp_topic_count":0,"_bbp_reply_count":0,"_bbp_total_topic_count":0,"_bbp_total_reply_count":0,"_bbp_voice_count":0,"_bbp_anonymous_reply_count":0,"_bbp_topic_count_hidden":0,"_bbp_reply_count_hidden":0,"_bbp_forum_subforum_count":0,"footnotes":""},"categories":[5,3,149,150],"tags":[888,10,885,887,886,884],"class_list":["post-4083","post","type-post","status-publish","format-standard","has-post-thumbnail","hentry","category-eksport","category-import","category-z-kraju","category-ze-swiata","tag-bakalie","tag-eksport","tag-owoce","tag-suszone-owoce","tag-suszone-warzywa","tag-warzywa"],"_wp_page_template":null,"_publicize_pending":null,"publicize_twitter_user":null,"_wpas_done_4647298":null,"_publicize_done_external":null,"_wpas_skip_4647132":null,"_wpas_skip_4647298":null,"_wp_attached_file":null,"_wp_attachment_metadata":null,"publicize_facebook_url":null,"publicize_twitter_url":null,"_wpas_mess":null,"_wpas_done_4647132":null,"_menu_item_type":null,"_menu_item_menu_item_parent":null,"_menu_item_object_id":null,"_menu_item_object":null,"_menu_item_target":null,"_menu_item_classes":null,"_menu_item_xfn":null,"_menu_item_url":null,"_ht_post_sidebar":null,"_ht_post_view_single":null,"_ht_pf_gallery_post_title":null,"_ht_pf_gallery_post_excerpt":null,"_ht_pf_image_post_title":null,"_ht_pf_image_post_excerpt":null,"_ht_pf_video_post_title":null,"_ht_pf_video_post_excerpt":null,"_ht_pf_audio_post_title":null,"_ht_pf_audio_post_excerpt":null,"_ht_pf_quote_post_title":null,"_ht_pf_quote_post_excerpt":null,"_ht_pf_link_post_title":null,"_ht_pf_link_post_excerpt":null,"_ht_pf_status_post_title":null,"_ht_pf_status_post_excerpt":null,"_ht_pf_chat_post_title":null,"_ht_pf_chat_post_excerpt":null,"_thumbnail_id":"4132","_ht_page_sidebar":null,"_yoast_wpseo_metadesc":"Eksport suszonych owoc\u00f3w i warzyw Po na\u0142o\u017ceniu przez Rosj\u0119 embarga na niekt\u00f3re polskie produkty, pojawi\u0142 si\u0119 problem, co zrobi\u0107 z nadmiarem warzyw i owoc\u00f3w?","_yoast_wpseo_title":null,"snap_MYURL":null,"snapEdIT":null,"_oembed_40f0523be0a7cccf82a74e2f32216081":null,"_wp_attachment_image_alt":null,"_ht_pf_chat_transcript":null,"_wp_attachment_context":null,"_wp_attachment_is_custom_background":null,"vw_page_sidebar_position":null,"vw_page_sidebar":null,"_oembed_9ed160af28102b6bdd391f41932dcc1e":null,"_oembed_a152c1b5cf649707d71c4dc1e001ab46":null,"_oembed_96052fc1555c5ff28552dcab1f093f93":null,"_oembed_04617823c1cd81d8e270b89858c3c976":null,"pricing-portal":"seaoo","pricing-direction":"import","pricing-display":null,"pricing-loc-seaoo-from":"AEAUH","pricing-loc-seaoo-to":"AEAUH","pricing-loc-airoo-from":"GBABZ","pricing-loc-airoo-to":"GBABZ","_oembed_5826bee7bef20410a694d40ce147eef9":null,"_oembed_cb5ff4df5c58b863a22d717f61ae2222":null,"vw_review_average_score":null,"_oembed_22941a9ba18bf216b8e799dc7448b799":null,"_oembed_31d7ad9924683d0ff76869709112302a":null,"_wp_attachment_backup_sizes":null,"_oembed_fe7201a85d41d1efe41e3c08d343bfab":null,"_yoast_wpseo_primary_category":"","notification_id":null,"dismissable":null,"location":null,"plugins":null,"theme":null,"version":null,"viewed":null,"expiration":null,"plans":null,"_wp_old_date":null,"_oembed_fafe56e0b77285f5fcbedc7b62efa776":null,"_oembed_time_fafe56e0b77285f5fcbedc7b62efa776":null,"_oembed_d5120d5da509e3a3d1457419a46a5798":null,"_oembed_time_d5120d5da509e3a3d1457419a46a5798":null,"_oembed_8be25414c9757d6d1a5031853cf9edc6":null,"_oembed_time_8be25414c9757d6d1a5031853cf9edc6":null,"_oembed_e3a222bedb373e3cbf93463247d41816":null,"_oembed_time_e3a222bedb373e3cbf93463247d41816":null,"_oembed_d2b84c4ea49ad59327a86d82d2fae4eb":null,"_oembed_time_d2b84c4ea49ad59327a86d82d2fae4eb":null,"_oembed_7960862450f372b9a46e65a320186142":null,"_oembed_time_7960862450f372b9a46e65a320186142":null,"_oembed_394fa6bf4c2c108194ccf0c1290af63c":null,"_oembed_time_394fa6bf4c2c108194ccf0c1290af63c":null,"_oembed_9f5b0f4967f26614958b90617a0744a9":null,"_oembed_time_9f5b0f4967f26614958b90617a0744a9":null,"_oembed_75876e4b052b61efd46ec06cea5979f6":null,"_oembed_time_75876e4b052b61efd46ec06cea5979f6":null,"_oembed_bb243f28bfeccdf6f6ec824596c9dbf1":null,"_oembed_time_bb243f28bfeccdf6f6ec824596c9dbf1":null,"_oembed_3369660868a071a94e0d2b99f83b80e0":null,"_oembed_time_3369660868a071a94e0d2b99f83b80e0":null,"_oembed_8e721a0b9beb9d6b6d38f4022c7d676e":null,"_oembed_time_8e721a0b9beb9d6b6d38f4022c7d676e":null,"_yoast_wpseo_keywordsynonyms":null,"_wp_attachment_wp_user_avatar":null,"_yst_prominent_words_version":null,"_wp_to_buffer_error":null,"snap_isAutoPosted":null,"_snap_forceSURL":null,"snapGMB":null,"snapFB":null,"snapIG":null,"snapPN":null,"snapLI":null,"classic-editor-remember":null,"_gtm_vars":[],"wp-smpro-smush-data":null,"wp-smush-lossy":null,"wp-smush-pngjpg_savings":null,"wp-smush-resize_savings":null,"_handles":null,"_handle_urls":null,"_handle_versions":null,"_extra":null,"_args":null,"_type":null,"_dont_minify":null,"_dont_combine":null,"_dont_enqueue":null,"_defer":null,"_inline":null,"_handle_dependencies":null,"_handle_original_sizes":null,"_handle_compressed_sizes":null,"_hash":null,"_file_id":null,"_url":null,"_path":null,"_expires":null,"_snapPHST":null,"snapTW":null,"_nxs_slinks":null,"_edit_lock":"1579077405:19","_edit_last":"19","authorsure_include_css":null,"authorsure_hide_author_box":null,"_yoast_wpseo_linkdex":"77","_yoast_wpseo_focuskw":"eksport suszonych owoc\u00f3w i warzyw","_wp_old_slug":null,"vw_post_featured":"0","vw_post_layout":"classic","vw_enable_review":"0","ks_metadata":null,"_yoast_wpseo_focuskw_text_input":null,"_yoast_wpseo_content_score":"30","_yoast_wpseo_focuskeywords":null,"vw_sidebar_position":"default","_vw_sidebar_position":"field_58ea588e19086","vw_sidebar":"blog-sidebar","_vw_sidebar":"field_58ea58b719087","_vw_post_featured":"field_57bac52e59c3d","vw_tagline":"","_vw_tagline":"field_57bac51c59c3c","_vw_post_layout":"field_57d7d0ef2aa96","_vw_enable_review":"field_57f75ea435727","composer_blocks_0_number":null,"_composer_blocks_0_number":null,"composer_blocks_0_categories":null,"_composer_blocks_0_categories":null,"composer_blocks_0_exclude_categories":null,"_composer_blocks_0_exclude_categories":null,"composer_blocks_0_posts_order":null,"_composer_blocks_0_posts_order":null,"composer_blocks_0_layout":null,"_composer_blocks_0_layout":null,"composer_blocks_1_supertitle":null,"_composer_blocks_1_supertitle":null,"composer_blocks_1_title":null,"_composer_blocks_1_title":null,"composer_blocks_1_subtitle":null,"_composer_blocks_1_subtitle":null,"composer_blocks_1_lead_layout":null,"_composer_blocks_1_lead_layout":null,"composer_blocks_1_layout":null,"_composer_blocks_1_layout":null,"composer_blocks_1_number":null,"_composer_blocks_1_number":null,"composer_blocks_1_offset":null,"_composer_blocks_1_offset":null,"composer_blocks_1_categories":null,"_composer_blocks_1_categories":null,"composer_blocks_1_exclude_categories":null,"_composer_blocks_1_exclude_categories":null,"composer_blocks_1_posts_order":null,"_composer_blocks_1_posts_order":null,"composer_blocks_1_pagination":null,"_composer_blocks_1_pagination":null,"composer_blocks_1_sidebar":null,"_composer_blocks_1_sidebar":null,"composer_blocks":null,"_composer_blocks":null,"composer_blocks_2_number":null,"_composer_blocks_2_number":null,"composer_blocks_2_categories":null,"_composer_blocks_2_categories":null,"composer_blocks_2_exclude_categories":null,"_composer_blocks_2_exclude_categories":null,"composer_blocks_2_posts_order":null,"_composer_blocks_2_posts_order":null,"composer_blocks_2_layout":null,"_composer_blocks_2_layout":null,"yoast_head":"<!-- This site is optimized with the Yoast SEO plugin v26.5 - https:\/\/yoast.com\/wordpress\/plugins\/seo\/ -->\n<title>Eksport suszonych owoc\u00f3w i warzyw - \u2705 Seaoo.com | Blog<\/title>\n<meta name=\"description\" content=\"Eksport suszonych owoc\u00f3w i warzyw Po na\u0142o\u017ceniu przez Rosj\u0119 embarga na niekt\u00f3re polskie produkty, pojawi\u0142 si\u0119 problem, co zrobi\u0107 z nadmiarem warzyw i owoc\u00f3w?\" \/>\n<meta name=\"robots\" content=\"index, follow, max-snippet:-1, max-image-preview:large, max-video-preview:-1\" \/>\n<link rel=\"canonical\" href=\"https:\/\/www.seaoo.com\/blog\/eksport-suszonych-owocow-i-warzyw\/\" \/>\n<meta property=\"og:locale\" content=\"pl_PL\" \/>\n<meta property=\"og:type\" content=\"article\" \/>\n<meta property=\"og:title\" content=\"Eksport suszonych owoc\u00f3w i warzyw - \u2705 Seaoo.com | Blog\" \/>\n<meta property=\"og:description\" content=\"Eksport suszonych owoc\u00f3w i warzyw Po na\u0142o\u017ceniu przez Rosj\u0119 embarga na niekt\u00f3re polskie produkty, pojawi\u0142 si\u0119 problem, co zrobi\u0107 z nadmiarem warzyw i owoc\u00f3w?\" \/>\n<meta property=\"og:url\" content=\"https:\/\/www.seaoo.com\/blog\/eksport-suszonych-owocow-i-warzyw\/\" \/>\n<meta property=\"og:site_name\" content=\"\u2705 Seaoo.com | Blog\" \/>\n<meta property=\"article:published_time\" content=\"2015-12-17T10:47:53+00:00\" \/>\n<meta property=\"article:modified_time\" content=\"2020-01-15T08:38:58+00:00\" \/>\n<meta property=\"og:image\" content=\"https:\/\/www.seaoo.com\/blog\/wp-content\/uploads\/2015\/12\/blog_290.jpg\" \/>\n\t<meta property=\"og:image:width\" content=\"800\" \/>\n\t<meta property=\"og:image:height\" content=\"600\" \/>\n\t<meta property=\"og:image:type\" content=\"image\/jpeg\" \/>\n<meta name=\"author\" content=\"Katarzyna Dworakowska\" \/>\n<meta name=\"twitter:card\" content=\"summary_large_image\" \/>\n<meta name=\"twitter:creator\" content=\"@seaoocom\" \/>\n<meta name=\"twitter:site\" content=\"@seaoocom\" \/>\n<meta name=\"twitter:label1\" content=\"Napisane przez\" \/>\n\t<meta name=\"twitter:data1\" content=\"Katarzyna Dworakowska\" \/>\n\t<meta name=\"twitter:label2\" content=\"Szacowany czas czytania\" \/>\n\t<meta name=\"twitter:data2\" content=\"2 minuty\" \/>\n<script type=\"application\/ld+json\" class=\"yoast-schema-graph\">{\"@context\":\"https:\/\/schema.org\",\"@graph\":[{\"@type\":\"WebPage\",\"@id\":\"https:\/\/www.seaoo.com\/blog\/eksport-suszonych-owocow-i-warzyw\/\",\"url\":\"https:\/\/www.seaoo.com\/blog\/eksport-suszonych-owocow-i-warzyw\/\",\"name\":\"Eksport suszonych owoc\u00f3w i warzyw - \u2705 Seaoo.com | Blog\",\"isPartOf\":{\"@id\":\"https:\/\/www.seaoo.com\/blog\/#website\"},\"primaryImageOfPage\":{\"@id\":\"https:\/\/www.seaoo.com\/blog\/eksport-suszonych-owocow-i-warzyw\/#primaryimage\"},\"image\":{\"@id\":\"https:\/\/www.seaoo.com\/blog\/eksport-suszonych-owocow-i-warzyw\/#primaryimage\"},\"thumbnailUrl\":\"https:\/\/www.seaoo.com\/blog\/wp-content\/uploads\/2015\/12\/blog_290.jpg\",\"datePublished\":\"2015-12-17T10:47:53+00:00\",\"dateModified\":\"2020-01-15T08:38:58+00:00\",\"author\":{\"@id\":\"https:\/\/www.seaoo.com\/blog\/#\/schema\/person\/160d97b3f9af9546a6b0ec664a44fb70\"},\"description\":\"Eksport suszonych owoc\u00f3w i warzyw Po na\u0142o\u017ceniu przez Rosj\u0119 embarga na niekt\u00f3re polskie produkty, pojawi\u0142 si\u0119 problem, co zrobi\u0107 z nadmiarem warzyw i owoc\u00f3w?\",\"breadcrumb\":{\"@id\":\"https:\/\/www.seaoo.com\/blog\/eksport-suszonych-owocow-i-warzyw\/#breadcrumb\"},\"inLanguage\":\"pl-PL\",\"potentialAction\":[{\"@type\":\"ReadAction\",\"target\":[\"https:\/\/www.seaoo.com\/blog\/eksport-suszonych-owocow-i-warzyw\/\"]}]},{\"@type\":\"ImageObject\",\"inLanguage\":\"pl-PL\",\"@id\":\"https:\/\/www.seaoo.com\/blog\/eksport-suszonych-owocow-i-warzyw\/#primaryimage\",\"url\":\"https:\/\/www.seaoo.com\/blog\/wp-content\/uploads\/2015\/12\/blog_290.jpg\",\"contentUrl\":\"https:\/\/www.seaoo.com\/blog\/wp-content\/uploads\/2015\/12\/blog_290.jpg\",\"width\":800,\"height\":600,\"caption\":\"Eksport suszonych owoc\u00f3w i warzyw\"},{\"@type\":\"BreadcrumbList\",\"@id\":\"https:\/\/www.seaoo.com\/blog\/eksport-suszonych-owocow-i-warzyw\/#breadcrumb\",\"itemListElement\":[{\"@type\":\"ListItem\",\"position\":1,\"name\":\"Strona g\u0142\u00f3wna\",\"item\":\"https:\/\/www.seaoo.com\/blog\/\"},{\"@type\":\"ListItem\",\"position\":2,\"name\":\"Eksport suszonych owoc\u00f3w i warzyw\"}]},{\"@type\":\"WebSite\",\"@id\":\"https:\/\/www.seaoo.com\/blog\/#website\",\"url\":\"https:\/\/www.seaoo.com\/blog\/\",\"name\":\"Seaoo.com | Blog\",\"description\":\"Blog - Transport morski, lotniczy, spedycja\",\"potentialAction\":[{\"@type\":\"SearchAction\",\"target\":{\"@type\":\"EntryPoint\",\"urlTemplate\":\"https:\/\/www.seaoo.com\/blog\/?s={search_term_string}\"},\"query-input\":{\"@type\":\"PropertyValueSpecification\",\"valueRequired\":true,\"valueName\":\"search_term_string\"}}],\"inLanguage\":\"pl-PL\"},{\"@type\":\"Person\",\"@id\":\"https:\/\/www.seaoo.com\/blog\/#\/schema\/person\/160d97b3f9af9546a6b0ec664a44fb70\",\"name\":\"Katarzyna Dworakowska\",\"image\":{\"@type\":\"ImageObject\",\"inLanguage\":\"pl-PL\",\"@id\":\"https:\/\/www.seaoo.com\/blog\/#\/schema\/person\/image\/\",\"url\":\"https:\/\/www.seaoo.com\/blog\/wp-content\/uploads\/2015\/09\/Katarzyna-150x150.jpg\",\"contentUrl\":\"https:\/\/www.seaoo.com\/blog\/wp-content\/uploads\/2015\/09\/Katarzyna-150x150.jpg\",\"caption\":\"Katarzyna Dworakowska\"},\"description\":\"Od kilku lat pracuj\u0119 w bran\u017cy kurierskiej. Nie s\u0105 mi obce poj\u0119cia i problemy zwi\u0105zane z logistyk\u0105, transportem oraz spedycj\u0105, dlatego b\u0119d\u0119 stara\u0142a si\u0119 je przybli\u017cy\u0107 na tym blogu. Ca\u0142y czas odkrywam nowe tematy, kt\u00f3rymi b\u0119d\u0119 si\u0119 z Wami dzieli\u0142a, zapraszam wi\u0119c do poczytania ciekawostek z bran\u017cy. W wolnych chwilach lubi\u0119 podr\u00f3\u017cowa\u0107 po Polsce i \u015bwiecie, a podczas kr\u00f3tszych wycieczek zwiedza\u0107 okolic\u0119 na rowerze. Mi\u0142o\u015bnikom dw\u00f3ch k\u00f3\u0142ek polecam \u017bu\u0142awy, moje rodzinne tereny.\",\"url\":\"https:\/\/www.seaoo.com\/blog\/author\/katarzynadworakowska\/\"}]}<\/script>\n<!-- \/ Yoast SEO plugin. -->","yoast_head_json":{"title":"Eksport suszonych owoc\u00f3w i warzyw - \u2705 Seaoo.com | Blog","description":"Eksport suszonych owoc\u00f3w i warzyw Po na\u0142o\u017ceniu przez Rosj\u0119 embarga na niekt\u00f3re polskie produkty, pojawi\u0142 si\u0119 problem, co zrobi\u0107 z nadmiarem warzyw i owoc\u00f3w?","robots":{"index":"index","follow":"follow","max-snippet":"max-snippet:-1","max-image-preview":"max-image-preview:large","max-video-preview":"max-video-preview:-1"},"canonical":"https:\/\/www.seaoo.com\/blog\/eksport-suszonych-owocow-i-warzyw\/","og_locale":"pl_PL","og_type":"article","og_title":"Eksport suszonych owoc\u00f3w i warzyw - \u2705 Seaoo.com | Blog","og_description":"Eksport suszonych owoc\u00f3w i warzyw Po na\u0142o\u017ceniu przez Rosj\u0119 embarga na niekt\u00f3re polskie produkty, pojawi\u0142 si\u0119 problem, co zrobi\u0107 z nadmiarem warzyw i owoc\u00f3w?","og_url":"https:\/\/www.seaoo.com\/blog\/eksport-suszonych-owocow-i-warzyw\/","og_site_name":"\u2705 Seaoo.com | Blog","article_published_time":"2015-12-17T10:47:53+00:00","article_modified_time":"2020-01-15T08:38:58+00:00","og_image":[{"width":800,"height":600,"url":"https:\/\/www.seaoo.com\/blog\/wp-content\/uploads\/2015\/12\/blog_290.jpg","type":"image\/jpeg"}],"author":"Katarzyna Dworakowska","twitter_card":"summary_large_image","twitter_creator":"@seaoocom","twitter_site":"@seaoocom","twitter_misc":{"Napisane przez":"Katarzyna Dworakowska","Szacowany czas czytania":"2 minuty"},"schema":{"@context":"https:\/\/schema.org","@graph":[{"@type":"WebPage","@id":"https:\/\/www.seaoo.com\/blog\/eksport-suszonych-owocow-i-warzyw\/","url":"https:\/\/www.seaoo.com\/blog\/eksport-suszonych-owocow-i-warzyw\/","name":"Eksport suszonych owoc\u00f3w i warzyw - \u2705 Seaoo.com | Blog","isPartOf":{"@id":"https:\/\/www.seaoo.com\/blog\/#website"},"primaryImageOfPage":{"@id":"https:\/\/www.seaoo.com\/blog\/eksport-suszonych-owocow-i-warzyw\/#primaryimage"},"image":{"@id":"https:\/\/www.seaoo.com\/blog\/eksport-suszonych-owocow-i-warzyw\/#primaryimage"},"thumbnailUrl":"https:\/\/www.seaoo.com\/blog\/wp-content\/uploads\/2015\/12\/blog_290.jpg","datePublished":"2015-12-17T10:47:53+00:00","dateModified":"2020-01-15T08:38:58+00:00","author":{"@id":"https:\/\/www.seaoo.com\/blog\/#\/schema\/person\/160d97b3f9af9546a6b0ec664a44fb70"},"description":"Eksport suszonych owoc\u00f3w i warzyw Po na\u0142o\u017ceniu przez Rosj\u0119 embarga na niekt\u00f3re polskie produkty, pojawi\u0142 si\u0119 problem, co zrobi\u0107 z nadmiarem warzyw i owoc\u00f3w?","breadcrumb":{"@id":"https:\/\/www.seaoo.com\/blog\/eksport-suszonych-owocow-i-warzyw\/#breadcrumb"},"inLanguage":"pl-PL","potentialAction":[{"@type":"ReadAction","target":["https:\/\/www.seaoo.com\/blog\/eksport-suszonych-owocow-i-warzyw\/"]}]},{"@type":"ImageObject","inLanguage":"pl-PL","@id":"https:\/\/www.seaoo.com\/blog\/eksport-suszonych-owocow-i-warzyw\/#primaryimage","url":"https:\/\/www.seaoo.com\/blog\/wp-content\/uploads\/2015\/12\/blog_290.jpg","contentUrl":"https:\/\/www.seaoo.com\/blog\/wp-content\/uploads\/2015\/12\/blog_290.jpg","width":800,"height":600,"caption":"Eksport suszonych owoc\u00f3w i warzyw"},{"@type":"BreadcrumbList","@id":"https:\/\/www.seaoo.com\/blog\/eksport-suszonych-owocow-i-warzyw\/#breadcrumb","itemListElement":[{"@type":"ListItem","position":1,"name":"Strona g\u0142\u00f3wna","item":"https:\/\/www.seaoo.com\/blog\/"},{"@type":"ListItem","position":2,"name":"Eksport suszonych owoc\u00f3w i warzyw"}]},{"@type":"WebSite","@id":"https:\/\/www.seaoo.com\/blog\/#website","url":"https:\/\/www.seaoo.com\/blog\/","name":"Seaoo.com | Blog","description":"Blog - Transport morski, lotniczy, spedycja","potentialAction":[{"@type":"SearchAction","target":{"@type":"EntryPoint","urlTemplate":"https:\/\/www.seaoo.com\/blog\/?s={search_term_string}"},"query-input":{"@type":"PropertyValueSpecification","valueRequired":true,"valueName":"search_term_string"}}],"inLanguage":"pl-PL"},{"@type":"Person","@id":"https:\/\/www.seaoo.com\/blog\/#\/schema\/person\/160d97b3f9af9546a6b0ec664a44fb70","name":"Katarzyna Dworakowska","image":{"@type":"ImageObject","inLanguage":"pl-PL","@id":"https:\/\/www.seaoo.com\/blog\/#\/schema\/person\/image\/","url":"https:\/\/www.seaoo.com\/blog\/wp-content\/uploads\/2015\/09\/Katarzyna-150x150.jpg","contentUrl":"https:\/\/www.seaoo.com\/blog\/wp-content\/uploads\/2015\/09\/Katarzyna-150x150.jpg","caption":"Katarzyna Dworakowska"},"description":"Od kilku lat pracuj\u0119 w bran\u017cy kurierskiej. Nie s\u0105 mi obce poj\u0119cia i problemy zwi\u0105zane z logistyk\u0105, transportem oraz spedycj\u0105, dlatego b\u0119d\u0119 stara\u0142a si\u0119 je przybli\u017cy\u0107 na tym blogu. Ca\u0142y czas odkrywam nowe tematy, kt\u00f3rymi b\u0119d\u0119 si\u0119 z Wami dzieli\u0142a, zapraszam wi\u0119c do poczytania ciekawostek z bran\u017cy. W wolnych chwilach lubi\u0119 podr\u00f3\u017cowa\u0107 po Polsce i \u015bwiecie, a podczas kr\u00f3tszych wycieczek zwiedza\u0107 okolic\u0119 na rowerze. Mi\u0142o\u015bnikom dw\u00f3ch k\u00f3\u0142ek polecam \u017bu\u0142awy, moje rodzinne tereny.","url":"https:\/\/www.seaoo.com\/blog\/author\/katarzynadworakowska\/"}]}},"_links":{"self":[{"href":"https:\/\/www.seaoo.com\/blog\/wp-json\/wp\/v2\/posts\/4083","targetHints":{"allow":["GET"]}}],"collection":[{"href":"https:\/\/www.seaoo.com\/blog\/wp-json\/wp\/v2\/posts"}],"about":[{"href":"https:\/\/www.seaoo.com\/blog\/wp-json\/wp\/v2\/types\/post"}],"author":[{"embeddable":true,"href":"https:\/\/www.seaoo.com\/blog\/wp-json\/wp\/v2\/users\/3"}],"replies":[{"embeddable":true,"href":"https:\/\/www.seaoo.com\/blog\/wp-json\/wp\/v2\/comments?post=4083"}],"version-history":[{"count":11,"href":"https:\/\/www.seaoo.com\/blog\/wp-json\/wp\/v2\/posts\/4083\/revisions"}],"predecessor-version":[{"id":24100,"href":"https:\/\/www.seaoo.com\/blog\/wp-json\/wp\/v2\/posts\/4083\/revisions\/24100"}],"wp:featuredmedia":[{"embeddable":true,"href":"https:\/\/www.seaoo.com\/blog\/wp-json\/wp\/v2\/media\/4132"}],"wp:attachment":[{"href":"https:\/\/www.seaoo.com\/blog\/wp-json\/wp\/v2\/media?parent=4083"}],"wp:term":[{"taxonomy":"category","embeddable":true,"href":"https:\/\/www.seaoo.com\/blog\/wp-json\/wp\/v2\/categories?post=4083"},{"taxonomy":"post_tag","embeddable":true,"href":"https:\/\/www.seaoo.com\/blog\/wp-json\/wp\/v2\/tags?post=4083"}],"curies":[{"name":"wp","href":"https:\/\/api.w.org\/{rel}","templated":true}]}}