{"id":886,"date":"2015-06-08T08:20:55","date_gmt":"2015-06-08T06:20:55","guid":{"rendered":"http:\/\/lukasz.seaoo.com\/blog\/?p=886"},"modified":"2020-01-15T12:05:50","modified_gmt":"2020-01-15T11:05:50","slug":"port-w-gdansku","status":"publish","type":null,"link":"https:\/\/www.seaoo.com\/blog\/port-w-gdansku\/","title":{"rendered":"Port w Gda\u0144sku &#8211; drugie miejsce"},"content":{"rendered":"<p class=\"introduction\">Po raz kolejny port morski w Gda\u0144sku zdoby\u0142 zaszczytne drugie miejsce, pod wzgl\u0119dem ilo\u015bci obs\u0142u\u017conych kontener\u00f3w, w\u015br\u00f3d port\u00f3w na Ba\u0142tyku i si\u00f3dme w zakresie wielko\u015bci prze\u0142adunk\u00f3w og\u00f3\u0142em.<\/p>\n<p>Je\u015bli przejrzymy dane w zakresie prze\u0142adunku kontener\u00f3w w Gda\u0144sku z ostatnich 5-6 lat, zauwa\u017cymy ponad dwukrotny wzrost w prze\u0142adunkach. Jeszcze w 2008 roku Gda\u0144sk, w rankingu najwi\u0119kszych port\u00f3w kontenerowych Ba\u0142tyku, znajdowa\u0142 si\u0119 na\u00a0 8 miejscu. \u00a0W roku 2009 po raz pierwszy wskoczy\u0142 na pozycj\u0119 2, to samo by\u0142o w roku 2012 i 2013 a\u017c do teraz. Uda\u0142o mu si\u0119 nawet wzmocni\u0107 t\u0119 pozycj\u0119 poprzez zmniejszenie dystansu do, jak dot\u0105d bezkonkurencyjnego od wielu lat, St. Petersburga. Miejmy nadzieje, \u017ce nasz port b\u0119dzie nadal utrzymywa\u0142 si\u0119 na tak wysokiej pozycji.<\/p>\n<p>Port w Gda\u0144sku od 5 lat przystosowany jest do obs\u0142ugi du\u017cych statk\u00f3w. Armatorzy co raz cz\u0119\u015bciej ze wzgl\u0119d\u00f3w ekonomicznych wykorzystuj\u0105 je to transportu towar\u00f3w. Jednak nie wszystkie porty s\u0105 do tego przygotowane, to powoduje ograniczenie listy i zwi\u0119ksza szanse naszego portu.<\/p>\n<p>Kilka fakt\u00f3w z ostatnich lat dotycz\u0105cych portu morskiego w Gda\u0144sku:<\/p>\n<ul>\n<li>W 2013 r. w porcie Gda\u0144sk prze\u0142adowano milionowy kontener.<\/li>\n<li>W 2014 r. uda\u0142o si\u0119 przekroczy\u0107 po raz pierwszy liczb\u0119 1,2 mln TEU i tym samym osi\u0105gn\u0105\u0107 wzrost prze\u0142adunk\u00f3w kontener\u00f3w o 3 procent w por\u00f3wnaniu z 2013 rokiem.<\/li>\n<li>W 2014 r. prze\u0142adowano ok. 32,3 mln ton, co oznacza wzrost o 7 % w por\u00f3wnaniu z 2013 rokiem. Po raz pierwszy w historii portu prze\u0142adowano tak\u0105 rekordow\u0105 ilo\u015b\u0107 \u0142adunk\u00f3w.<\/li>\n<li>Wielko\u015b\u0107 statk\u00f3w obs\u0142ugiwanych w porcie w Gda\u0144sku w poprzednich 8 latach wzros\u0142a prawie o 70 %.<\/li>\n<\/ul>\n<p>W ubieg\u0142ym roku wojewoda pomorski wyda\u0142 sp\u00f3\u0142ce DCT Gda\u0144sk pozwolenie na t\u0119 inwestycj\u0119 o warto\u015bci 290 mln euro. Dzi\u0119ki temu w porcie w Gda\u0144sku w tym roku trwa budowa drugiego nabrze\u017ca do obs\u0142ugi kontener\u00f3w. Budowa dodatkowego nabrze\u017ca pozwoli podwoi\u0107 mo\u017cliwo\u015bci prze\u0142adunkowe portu (3 mln TEU rocznie w I fazie inwestycji). Uko\u0144czenie zadania planowane jest do ko\u0144ca 2016 roku, kiedy to nowe nabrze\u017ce b\u0119dzie gotowe do przyj\u0119cia pierwszego statku kontenerowego.<\/p>\n<p>Oby wi\u0119cej takich pozytywnych informacji, na koniec zapraszam do wyceny transportu w serwisie <a href=\"http:\/\/www.seaoo.com\">www.seaoo.com<\/a>.<\/p>\n","protected":false},"excerpt":{"rendered":"<p>Po raz kolejny port morski w Gda\u0144sku zdoby\u0142 zaszczytne drugie miejsce, pod wzgl\u0119dem ilo\u015bci obs\u0142u\u017conych kontener\u00f3w, w\u015br\u00f3d port\u00f3w na Ba\u0142tyku i si\u00f3dme w zakresie wielko\u015bci prze\u0142adunk\u00f3w og\u00f3\u0142em. Je\u015bli przejrzymy dane w zakresie prze\u0142adunku kontener\u00f3w w Gda\u0144sku z ostatnich 5-6 lat, zauwa\u017cymy ponad dwukrotny wzrost w prze\u0142adunkach. Jeszcze w 2008 roku Gda\u0144sk, w rankingu najwi\u0119kszych port\u00f3w &#8230;<\/p>\n","protected":false},"author":2,"featured_media":956,"comment_status":"open","ping_status":"open","sticky":false,"template":"","format":"standard","meta":{"_bbp_topic_count":0,"_bbp_reply_count":0,"_bbp_total_topic_count":0,"_bbp_total_reply_count":0,"_bbp_voice_count":0,"_bbp_anonymous_reply_count":0,"_bbp_topic_count_hidden":0,"_bbp_reply_count_hidden":0,"_bbp_forum_subforum_count":0,"footnotes":""},"categories":[138,149],"tags":[10,134,13,16,25,135,33],"class_list":["post-886","post","type-post","status-publish","format-standard","has-post-thumbnail","hentry","category-porty-na-swiecie","category-z-kraju","tag-eksport","tag-gdansk","tag-handel-zagraniczny","tag-import","tag-morski","tag-port","tag-transport-2"],"_wp_page_template":null,"_publicize_pending":null,"publicize_twitter_user":null,"_wpas_done_4647298":null,"_publicize_done_external":null,"_wpas_skip_4647132":null,"_wpas_skip_4647298":null,"_wp_attached_file":null,"_wp_attachment_metadata":null,"publicize_facebook_url":null,"publicize_twitter_url":null,"_wpas_mess":null,"_wpas_done_4647132":null,"_menu_item_type":null,"_menu_item_menu_item_parent":null,"_menu_item_object_id":null,"_menu_item_object":null,"_menu_item_target":null,"_menu_item_classes":null,"_menu_item_xfn":null,"_menu_item_url":null,"_ht_post_sidebar":"sidebar-left","_ht_post_view_single":"1","_ht_pf_gallery_post_title":"1","_ht_pf_gallery_post_excerpt":"1","_ht_pf_image_post_title":"1","_ht_pf_image_post_excerpt":"1","_ht_pf_video_post_title":"1","_ht_pf_video_post_excerpt":"1","_ht_pf_audio_post_title":"1","_ht_pf_audio_post_excerpt":"1","_ht_pf_quote_post_title":"1","_ht_pf_quote_post_excerpt":"1","_ht_pf_link_post_title":"1","_ht_pf_link_post_excerpt":"1","_ht_pf_status_post_title":"1","_ht_pf_status_post_excerpt":"1","_ht_pf_chat_post_title":"1","_ht_pf_chat_post_excerpt":"1","_thumbnail_id":"956","_ht_page_sidebar":null,"_yoast_wpseo_metadesc":"Po raz kolejny morski port w Gda\u0144sku zdoby\u0142 zaszczytne drugie miejsce, pod wzgl\u0119dem ilo\u015bci obs\u0142u\u017conych kontener\u00f3w, w\u015br\u00f3d port\u00f3w na Ba\u0142tyku.","_yoast_wpseo_title":null,"snap_MYURL":"","snapEdIT":"1","_oembed_40f0523be0a7cccf82a74e2f32216081":null,"_wp_attachment_image_alt":null,"_ht_pf_chat_transcript":null,"_wp_attachment_context":null,"_wp_attachment_is_custom_background":null,"vw_page_sidebar_position":null,"vw_page_sidebar":null,"_oembed_9ed160af28102b6bdd391f41932dcc1e":null,"_oembed_a152c1b5cf649707d71c4dc1e001ab46":null,"_oembed_96052fc1555c5ff28552dcab1f093f93":null,"_oembed_04617823c1cd81d8e270b89858c3c976":null,"pricing-portal":"seaoo","pricing-direction":"import","pricing-display":null,"pricing-loc-seaoo-from":"GBABD","pricing-loc-seaoo-to":"GBABD","pricing-loc-airoo-from":"GBABZ","pricing-loc-airoo-to":"GBABZ","_oembed_5826bee7bef20410a694d40ce147eef9":null,"_oembed_cb5ff4df5c58b863a22d717f61ae2222":null,"vw_review_average_score":null,"_oembed_22941a9ba18bf216b8e799dc7448b799":null,"_oembed_31d7ad9924683d0ff76869709112302a":null,"_wp_attachment_backup_sizes":null,"_oembed_fe7201a85d41d1efe41e3c08d343bfab":null,"_yoast_wpseo_primary_category":"","notification_id":null,"dismissable":null,"location":null,"plugins":null,"theme":null,"version":null,"viewed":null,"expiration":null,"plans":null,"_wp_old_date":null,"_oembed_fafe56e0b77285f5fcbedc7b62efa776":null,"_oembed_time_fafe56e0b77285f5fcbedc7b62efa776":null,"_oembed_d5120d5da509e3a3d1457419a46a5798":null,"_oembed_time_d5120d5da509e3a3d1457419a46a5798":null,"_oembed_8be25414c9757d6d1a5031853cf9edc6":null,"_oembed_time_8be25414c9757d6d1a5031853cf9edc6":null,"_oembed_e3a222bedb373e3cbf93463247d41816":null,"_oembed_time_e3a222bedb373e3cbf93463247d41816":null,"_oembed_d2b84c4ea49ad59327a86d82d2fae4eb":null,"_oembed_time_d2b84c4ea49ad59327a86d82d2fae4eb":null,"_oembed_7960862450f372b9a46e65a320186142":null,"_oembed_time_7960862450f372b9a46e65a320186142":null,"_oembed_394fa6bf4c2c108194ccf0c1290af63c":null,"_oembed_time_394fa6bf4c2c108194ccf0c1290af63c":null,"_oembed_9f5b0f4967f26614958b90617a0744a9":null,"_oembed_time_9f5b0f4967f26614958b90617a0744a9":null,"_oembed_75876e4b052b61efd46ec06cea5979f6":null,"_oembed_time_75876e4b052b61efd46ec06cea5979f6":null,"_oembed_bb243f28bfeccdf6f6ec824596c9dbf1":null,"_oembed_time_bb243f28bfeccdf6f6ec824596c9dbf1":null,"_oembed_3369660868a071a94e0d2b99f83b80e0":null,"_oembed_time_3369660868a071a94e0d2b99f83b80e0":null,"_oembed_8e721a0b9beb9d6b6d38f4022c7d676e":null,"_oembed_time_8e721a0b9beb9d6b6d38f4022c7d676e":null,"_yoast_wpseo_keywordsynonyms":null,"_wp_attachment_wp_user_avatar":null,"_yst_prominent_words_version":null,"_wp_to_buffer_error":null,"snap_isAutoPosted":null,"_snap_forceSURL":null,"snapGMB":null,"snapFB":null,"snapIG":null,"snapPN":null,"snapLI":null,"classic-editor-remember":null,"_gtm_vars":[],"wp-smpro-smush-data":null,"wp-smush-lossy":null,"wp-smush-pngjpg_savings":null,"wp-smush-resize_savings":null,"_handles":null,"_handle_urls":null,"_handle_versions":null,"_extra":null,"_args":null,"_type":null,"_dont_minify":null,"_dont_combine":null,"_dont_enqueue":null,"_defer":null,"_inline":null,"_handle_dependencies":null,"_handle_original_sizes":null,"_handle_compressed_sizes":null,"_hash":null,"_file_id":null,"_url":null,"_path":null,"_expires":null,"_snapPHST":null,"snapTW":null,"_nxs_slinks":null,"_edit_lock":"1579086213:19","_edit_last":"19","authorsure_include_css":"","authorsure_hide_author_box":"","_yoast_wpseo_linkdex":"72","_yoast_wpseo_focuskw":"Port w Gda\u0144sku","_wp_old_slug":"drugie-miejsce-portu-gdansku","vw_post_featured":"0","vw_post_layout":"classic","vw_enable_review":"0","ks_metadata":null,"_yoast_wpseo_focuskw_text_input":null,"_yoast_wpseo_content_score":"30","_yoast_wpseo_focuskeywords":null,"vw_sidebar_position":"default","_vw_sidebar_position":"field_58ea588e19086","vw_sidebar":"blog-sidebar","_vw_sidebar":"field_58ea58b719087","_vw_post_featured":"field_57bac52e59c3d","vw_tagline":"","_vw_tagline":"field_57bac51c59c3c","_vw_post_layout":"field_57d7d0ef2aa96","_vw_enable_review":"field_57f75ea435727","composer_blocks_0_number":null,"_composer_blocks_0_number":null,"composer_blocks_0_categories":null,"_composer_blocks_0_categories":null,"composer_blocks_0_exclude_categories":null,"_composer_blocks_0_exclude_categories":null,"composer_blocks_0_posts_order":null,"_composer_blocks_0_posts_order":null,"composer_blocks_0_layout":null,"_composer_blocks_0_layout":null,"composer_blocks_1_supertitle":null,"_composer_blocks_1_supertitle":null,"composer_blocks_1_title":null,"_composer_blocks_1_title":null,"composer_blocks_1_subtitle":null,"_composer_blocks_1_subtitle":null,"composer_blocks_1_lead_layout":null,"_composer_blocks_1_lead_layout":null,"composer_blocks_1_layout":null,"_composer_blocks_1_layout":null,"composer_blocks_1_number":null,"_composer_blocks_1_number":null,"composer_blocks_1_offset":null,"_composer_blocks_1_offset":null,"composer_blocks_1_categories":null,"_composer_blocks_1_categories":null,"composer_blocks_1_exclude_categories":null,"_composer_blocks_1_exclude_categories":null,"composer_blocks_1_posts_order":null,"_composer_blocks_1_posts_order":null,"composer_blocks_1_pagination":null,"_composer_blocks_1_pagination":null,"composer_blocks_1_sidebar":null,"_composer_blocks_1_sidebar":null,"composer_blocks":null,"_composer_blocks":null,"composer_blocks_2_number":null,"_composer_blocks_2_number":null,"composer_blocks_2_categories":null,"_composer_blocks_2_categories":null,"composer_blocks_2_exclude_categories":null,"_composer_blocks_2_exclude_categories":null,"composer_blocks_2_posts_order":null,"_composer_blocks_2_posts_order":null,"composer_blocks_2_layout":null,"_composer_blocks_2_layout":null,"yoast_head":"<!-- This site is optimized with the Yoast SEO plugin v26.5 - https:\/\/yoast.com\/wordpress\/plugins\/seo\/ -->\n<title>Port w Gda\u0144sku - drugie miejsce - \u2705 Seaoo.com | Blog<\/title>\n<meta name=\"description\" content=\"Po raz kolejny morski port w Gda\u0144sku zdoby\u0142 zaszczytne drugie miejsce, pod wzgl\u0119dem ilo\u015bci obs\u0142u\u017conych kontener\u00f3w, w\u015br\u00f3d port\u00f3w na Ba\u0142tyku.\" \/>\n<meta name=\"robots\" content=\"index, follow, max-snippet:-1, max-image-preview:large, max-video-preview:-1\" \/>\n<link rel=\"canonical\" href=\"https:\/\/www.seaoo.com\/blog\/port-w-gdansku\/\" \/>\n<meta property=\"og:locale\" content=\"pl_PL\" \/>\n<meta property=\"og:type\" content=\"article\" \/>\n<meta property=\"og:title\" content=\"Port w Gda\u0144sku - drugie miejsce - \u2705 Seaoo.com | Blog\" \/>\n<meta property=\"og:description\" content=\"Po raz kolejny morski port w Gda\u0144sku zdoby\u0142 zaszczytne drugie miejsce, pod wzgl\u0119dem ilo\u015bci obs\u0142u\u017conych kontener\u00f3w, w\u015br\u00f3d port\u00f3w na Ba\u0142tyku.\" \/>\n<meta property=\"og:url\" content=\"https:\/\/www.seaoo.com\/blog\/port-w-gdansku\/\" \/>\n<meta property=\"og:site_name\" content=\"\u2705 Seaoo.com | Blog\" \/>\n<meta property=\"article:published_time\" content=\"2015-06-08T06:20:55+00:00\" \/>\n<meta property=\"article:modified_time\" content=\"2020-01-15T11:05:50+00:00\" \/>\n<meta property=\"og:image\" content=\"https:\/\/www.seaoo.com\/blog\/wp-content\/uploads\/2015\/05\/blog_62.jpg\" \/>\n\t<meta property=\"og:image:width\" content=\"800\" \/>\n\t<meta property=\"og:image:height\" content=\"600\" \/>\n\t<meta property=\"og:image:type\" content=\"image\/jpeg\" \/>\n<meta name=\"author\" content=\"Pawe\u0142 Gr\u0105dzki\" \/>\n<meta name=\"twitter:card\" content=\"summary_large_image\" \/>\n<meta name=\"twitter:creator\" content=\"@seaoocom\" \/>\n<meta name=\"twitter:site\" content=\"@seaoocom\" \/>\n<meta name=\"twitter:label1\" content=\"Napisane przez\" \/>\n\t<meta name=\"twitter:data1\" content=\"Pawe\u0142 Gr\u0105dzki\" \/>\n\t<meta name=\"twitter:label2\" content=\"Szacowany czas czytania\" \/>\n\t<meta name=\"twitter:data2\" content=\"2 minuty\" \/>\n<script type=\"application\/ld+json\" class=\"yoast-schema-graph\">{\"@context\":\"https:\/\/schema.org\",\"@graph\":[{\"@type\":\"WebPage\",\"@id\":\"https:\/\/www.seaoo.com\/blog\/port-w-gdansku\/\",\"url\":\"https:\/\/www.seaoo.com\/blog\/port-w-gdansku\/\",\"name\":\"Port w Gda\u0144sku - drugie miejsce - \u2705 Seaoo.com | Blog\",\"isPartOf\":{\"@id\":\"https:\/\/www.seaoo.com\/blog\/#website\"},\"primaryImageOfPage\":{\"@id\":\"https:\/\/www.seaoo.com\/blog\/port-w-gdansku\/#primaryimage\"},\"image\":{\"@id\":\"https:\/\/www.seaoo.com\/blog\/port-w-gdansku\/#primaryimage\"},\"thumbnailUrl\":\"https:\/\/www.seaoo.com\/blog\/wp-content\/uploads\/2015\/05\/blog_62.jpg\",\"datePublished\":\"2015-06-08T06:20:55+00:00\",\"dateModified\":\"2020-01-15T11:05:50+00:00\",\"author\":{\"@id\":\"https:\/\/www.seaoo.com\/blog\/#\/schema\/person\/97a545582073bde44869961f7cd2da1e\"},\"description\":\"Po raz kolejny morski port w Gda\u0144sku zdoby\u0142 zaszczytne drugie miejsce, pod wzgl\u0119dem ilo\u015bci obs\u0142u\u017conych kontener\u00f3w, w\u015br\u00f3d port\u00f3w na Ba\u0142tyku.\",\"breadcrumb\":{\"@id\":\"https:\/\/www.seaoo.com\/blog\/port-w-gdansku\/#breadcrumb\"},\"inLanguage\":\"pl-PL\",\"potentialAction\":[{\"@type\":\"ReadAction\",\"target\":[\"https:\/\/www.seaoo.com\/blog\/port-w-gdansku\/\"]}]},{\"@type\":\"ImageObject\",\"inLanguage\":\"pl-PL\",\"@id\":\"https:\/\/www.seaoo.com\/blog\/port-w-gdansku\/#primaryimage\",\"url\":\"https:\/\/www.seaoo.com\/blog\/wp-content\/uploads\/2015\/05\/blog_62.jpg\",\"contentUrl\":\"https:\/\/www.seaoo.com\/blog\/wp-content\/uploads\/2015\/05\/blog_62.jpg\",\"width\":800,\"height\":600,\"caption\":\"Port w Gda\u0144sku\"},{\"@type\":\"BreadcrumbList\",\"@id\":\"https:\/\/www.seaoo.com\/blog\/port-w-gdansku\/#breadcrumb\",\"itemListElement\":[{\"@type\":\"ListItem\",\"position\":1,\"name\":\"Strona g\u0142\u00f3wna\",\"item\":\"https:\/\/www.seaoo.com\/blog\/\"},{\"@type\":\"ListItem\",\"position\":2,\"name\":\"Port w Gda\u0144sku &#8211; drugie miejsce\"}]},{\"@type\":\"WebSite\",\"@id\":\"https:\/\/www.seaoo.com\/blog\/#website\",\"url\":\"https:\/\/www.seaoo.com\/blog\/\",\"name\":\"Seaoo.com | Blog\",\"description\":\"Blog - Transport morski, lotniczy, spedycja\",\"potentialAction\":[{\"@type\":\"SearchAction\",\"target\":{\"@type\":\"EntryPoint\",\"urlTemplate\":\"https:\/\/www.seaoo.com\/blog\/?s={search_term_string}\"},\"query-input\":{\"@type\":\"PropertyValueSpecification\",\"valueRequired\":true,\"valueName\":\"search_term_string\"}}],\"inLanguage\":\"pl-PL\"},{\"@type\":\"Person\",\"@id\":\"https:\/\/www.seaoo.com\/blog\/#\/schema\/person\/97a545582073bde44869961f7cd2da1e\",\"name\":\"Pawe\u0142 Gr\u0105dzki\",\"image\":{\"@type\":\"ImageObject\",\"inLanguage\":\"pl-PL\",\"@id\":\"https:\/\/www.seaoo.com\/blog\/#\/schema\/person\/image\/\",\"url\":\"https:\/\/secure.gravatar.com\/avatar\/566894426b9c4aeca7fc83cdd5595b17ed806d555f9ffc6630439f7e36268031?s=96&d=mm&r=g\",\"contentUrl\":\"https:\/\/secure.gravatar.com\/avatar\/566894426b9c4aeca7fc83cdd5595b17ed806d555f9ffc6630439f7e36268031?s=96&d=mm&r=g\",\"caption\":\"Pawe\u0142 Gr\u0105dzki\"},\"description\":\"Absolwent Uniwersytetu Gda\u0144skiego (1997) \u2013 katedra rynku transportowego, specjalizacja transport morski. Z rynkiem przewoz\u00f3w morskich zwi\u0105zany od 1996 roku. Mieszkaniec Gdyni, zafascynowany jej histori\u0105 i rozwojem na przestrzeni dziej\u00f3w. Na Uniwersytecie Gda\u0144skim prowadzi zaj\u0119cia ze spedycji i transportu morskiego dla student\u00f3w studi\u00f3w dziennych i zaocznych. Opr\u00f3cz morza kocha polskie g\u00f3ry. Z zami\u0142owania fotograf. Zako\u0144czenie wsp\u00f3\u0142pracy z dniem 31 marca 2017 roku.\",\"sameAs\":[\"http:\/\/www.seaoo.com\"],\"url\":\"https:\/\/www.seaoo.com\/blog\/author\/pawelgradzki\/\"}]}<\/script>\n<!-- \/ Yoast SEO plugin. -->","yoast_head_json":{"title":"Port w Gda\u0144sku - drugie miejsce - \u2705 Seaoo.com | Blog","description":"Po raz kolejny morski port w Gda\u0144sku zdoby\u0142 zaszczytne drugie miejsce, pod wzgl\u0119dem ilo\u015bci obs\u0142u\u017conych kontener\u00f3w, w\u015br\u00f3d port\u00f3w na Ba\u0142tyku.","robots":{"index":"index","follow":"follow","max-snippet":"max-snippet:-1","max-image-preview":"max-image-preview:large","max-video-preview":"max-video-preview:-1"},"canonical":"https:\/\/www.seaoo.com\/blog\/port-w-gdansku\/","og_locale":"pl_PL","og_type":"article","og_title":"Port w Gda\u0144sku - drugie miejsce - \u2705 Seaoo.com | Blog","og_description":"Po raz kolejny morski port w Gda\u0144sku zdoby\u0142 zaszczytne drugie miejsce, pod wzgl\u0119dem ilo\u015bci obs\u0142u\u017conych kontener\u00f3w, w\u015br\u00f3d port\u00f3w na Ba\u0142tyku.","og_url":"https:\/\/www.seaoo.com\/blog\/port-w-gdansku\/","og_site_name":"\u2705 Seaoo.com | Blog","article_published_time":"2015-06-08T06:20:55+00:00","article_modified_time":"2020-01-15T11:05:50+00:00","og_image":[{"width":800,"height":600,"url":"https:\/\/www.seaoo.com\/blog\/wp-content\/uploads\/2015\/05\/blog_62.jpg","type":"image\/jpeg"}],"author":"Pawe\u0142 Gr\u0105dzki","twitter_card":"summary_large_image","twitter_creator":"@seaoocom","twitter_site":"@seaoocom","twitter_misc":{"Napisane przez":"Pawe\u0142 Gr\u0105dzki","Szacowany czas czytania":"2 minuty"},"schema":{"@context":"https:\/\/schema.org","@graph":[{"@type":"WebPage","@id":"https:\/\/www.seaoo.com\/blog\/port-w-gdansku\/","url":"https:\/\/www.seaoo.com\/blog\/port-w-gdansku\/","name":"Port w Gda\u0144sku - drugie miejsce - \u2705 Seaoo.com | Blog","isPartOf":{"@id":"https:\/\/www.seaoo.com\/blog\/#website"},"primaryImageOfPage":{"@id":"https:\/\/www.seaoo.com\/blog\/port-w-gdansku\/#primaryimage"},"image":{"@id":"https:\/\/www.seaoo.com\/blog\/port-w-gdansku\/#primaryimage"},"thumbnailUrl":"https:\/\/www.seaoo.com\/blog\/wp-content\/uploads\/2015\/05\/blog_62.jpg","datePublished":"2015-06-08T06:20:55+00:00","dateModified":"2020-01-15T11:05:50+00:00","author":{"@id":"https:\/\/www.seaoo.com\/blog\/#\/schema\/person\/97a545582073bde44869961f7cd2da1e"},"description":"Po raz kolejny morski port w Gda\u0144sku zdoby\u0142 zaszczytne drugie miejsce, pod wzgl\u0119dem ilo\u015bci obs\u0142u\u017conych kontener\u00f3w, w\u015br\u00f3d port\u00f3w na Ba\u0142tyku.","breadcrumb":{"@id":"https:\/\/www.seaoo.com\/blog\/port-w-gdansku\/#breadcrumb"},"inLanguage":"pl-PL","potentialAction":[{"@type":"ReadAction","target":["https:\/\/www.seaoo.com\/blog\/port-w-gdansku\/"]}]},{"@type":"ImageObject","inLanguage":"pl-PL","@id":"https:\/\/www.seaoo.com\/blog\/port-w-gdansku\/#primaryimage","url":"https:\/\/www.seaoo.com\/blog\/wp-content\/uploads\/2015\/05\/blog_62.jpg","contentUrl":"https:\/\/www.seaoo.com\/blog\/wp-content\/uploads\/2015\/05\/blog_62.jpg","width":800,"height":600,"caption":"Port w Gda\u0144sku"},{"@type":"BreadcrumbList","@id":"https:\/\/www.seaoo.com\/blog\/port-w-gdansku\/#breadcrumb","itemListElement":[{"@type":"ListItem","position":1,"name":"Strona g\u0142\u00f3wna","item":"https:\/\/www.seaoo.com\/blog\/"},{"@type":"ListItem","position":2,"name":"Port w Gda\u0144sku &#8211; drugie miejsce"}]},{"@type":"WebSite","@id":"https:\/\/www.seaoo.com\/blog\/#website","url":"https:\/\/www.seaoo.com\/blog\/","name":"Seaoo.com | Blog","description":"Blog - Transport morski, lotniczy, spedycja","potentialAction":[{"@type":"SearchAction","target":{"@type":"EntryPoint","urlTemplate":"https:\/\/www.seaoo.com\/blog\/?s={search_term_string}"},"query-input":{"@type":"PropertyValueSpecification","valueRequired":true,"valueName":"search_term_string"}}],"inLanguage":"pl-PL"},{"@type":"Person","@id":"https:\/\/www.seaoo.com\/blog\/#\/schema\/person\/97a545582073bde44869961f7cd2da1e","name":"Pawe\u0142 Gr\u0105dzki","image":{"@type":"ImageObject","inLanguage":"pl-PL","@id":"https:\/\/www.seaoo.com\/blog\/#\/schema\/person\/image\/","url":"https:\/\/secure.gravatar.com\/avatar\/566894426b9c4aeca7fc83cdd5595b17ed806d555f9ffc6630439f7e36268031?s=96&d=mm&r=g","contentUrl":"https:\/\/secure.gravatar.com\/avatar\/566894426b9c4aeca7fc83cdd5595b17ed806d555f9ffc6630439f7e36268031?s=96&d=mm&r=g","caption":"Pawe\u0142 Gr\u0105dzki"},"description":"Absolwent Uniwersytetu Gda\u0144skiego (1997) \u2013 katedra rynku transportowego, specjalizacja transport morski. Z rynkiem przewoz\u00f3w morskich zwi\u0105zany od 1996 roku. Mieszkaniec Gdyni, zafascynowany jej histori\u0105 i rozwojem na przestrzeni dziej\u00f3w. Na Uniwersytecie Gda\u0144skim prowadzi zaj\u0119cia ze spedycji i transportu morskiego dla student\u00f3w studi\u00f3w dziennych i zaocznych. Opr\u00f3cz morza kocha polskie g\u00f3ry. Z zami\u0142owania fotograf. Zako\u0144czenie wsp\u00f3\u0142pracy z dniem 31 marca 2017 roku.","sameAs":["http:\/\/www.seaoo.com"],"url":"https:\/\/www.seaoo.com\/blog\/author\/pawelgradzki\/"}]}},"_links":{"self":[{"href":"https:\/\/www.seaoo.com\/blog\/wp-json\/wp\/v2\/posts\/886","targetHints":{"allow":["GET"]}}],"collection":[{"href":"https:\/\/www.seaoo.com\/blog\/wp-json\/wp\/v2\/posts"}],"about":[{"href":"https:\/\/www.seaoo.com\/blog\/wp-json\/wp\/v2\/types\/post"}],"author":[{"embeddable":true,"href":"https:\/\/www.seaoo.com\/blog\/wp-json\/wp\/v2\/users\/2"}],"replies":[{"embeddable":true,"href":"https:\/\/www.seaoo.com\/blog\/wp-json\/wp\/v2\/comments?post=886"}],"version-history":[{"count":8,"href":"https:\/\/www.seaoo.com\/blog\/wp-json\/wp\/v2\/posts\/886\/revisions"}],"predecessor-version":[{"id":24334,"href":"https:\/\/www.seaoo.com\/blog\/wp-json\/wp\/v2\/posts\/886\/revisions\/24334"}],"wp:featuredmedia":[{"embeddable":true,"href":"https:\/\/www.seaoo.com\/blog\/wp-json\/wp\/v2\/media\/956"}],"wp:attachment":[{"href":"https:\/\/www.seaoo.com\/blog\/wp-json\/wp\/v2\/media?parent=886"}],"wp:term":[{"taxonomy":"category","embeddable":true,"href":"https:\/\/www.seaoo.com\/blog\/wp-json\/wp\/v2\/categories?post=886"},{"taxonomy":"post_tag","embeddable":true,"href":"https:\/\/www.seaoo.com\/blog\/wp-json\/wp\/v2\/tags?post=886"}],"curies":[{"name":"wp","href":"https:\/\/api.w.org\/{rel}","templated":true}]}}